{"id":5675,"date":"2021-11-22T09:55:10","date_gmt":"2021-11-22T08:55:10","guid":{"rendered":"https:\/\/agora.xtec.cat\/ceipvistaalegre\/?p=5675"},"modified":"2021-11-22T09:55:29","modified_gmt":"2021-11-22T08:55:29","slug":"dia-de-la-musica-3","status":"publish","type":"post","link":"https:\/\/agora.xtec.cat\/ceipvistaalegre\/portada\/dia-de-la-musica-3\/","title":{"rendered":"Dia de la m\u00fasica"},"content":{"rendered":"<p><a href=\"https:\/\/agora.xtec.cat\/ceipvistaalegre\/wp-content\/uploads\/usu1936\/2021\/11\/Dia-de-la-musica.jpg\"><img loading=\"lazy\" decoding=\"async\" class=\"wp-image-5677 aligncenter\" src=\"https:\/\/agora.xtec.cat\/ceipvistaalegre\/wp-content\/uploads\/usu1936\/2021\/11\/Dia-de-la-musica-724x1024.jpg\" alt=\"\" width=\"385\" height=\"545\" srcset=\"https:\/\/agora.xtec.cat\/ceipvistaalegre\/wp-content\/uploads\/usu1936\/2021\/11\/Dia-de-la-musica-724x1024.jpg 724w, https:\/\/agora.xtec.cat\/ceipvistaalegre\/wp-content\/uploads\/usu1936\/2021\/11\/Dia-de-la-musica-212x300.jpg 212w, https:\/\/agora.xtec.cat\/ceipvistaalegre\/wp-content\/uploads\/usu1936\/2021\/11\/Dia-de-la-musica-768x1086.jpg 768w, https:\/\/agora.xtec.cat\/ceipvistaalegre\/wp-content\/uploads\/usu1936\/2021\/11\/Dia-de-la-musica-1086x1536.jpg 1086w, https:\/\/agora.xtec.cat\/ceipvistaalegre\/wp-content\/uploads\/usu1936\/2021\/11\/Dia-de-la-musica-1448x2048.jpg 1448w, https:\/\/agora.xtec.cat\/ceipvistaalegre\/wp-content\/uploads\/usu1936\/2021\/11\/Dia-de-la-musica.jpg 1587w\" sizes=\"auto, (max-width: 385px) 100vw, 385px\" \/><\/a><\/p>\n<p>&nbsp;<\/p>\n<p>El proper dijous 25 de novembre, celebrarem el Dia de la M\u00fasica, amb un concert de violoncel a c\u00e0rrec de l&#8217;<strong>Albert Mart\u00edn<\/strong>.<\/p>\n<p>L&#8217;Albert Mart\u00edn inicia els seus estudis musicals a l\u2019Escolania de la Catedral de Barcelona. Posteriorment estudia violoncel amb Manuel Stacey a l\u2019Escola Luthier i m\u00e9s tard amplia estudis amb els professors Sharon McKinley i Douglas Cummings al Royal Welsh College of Music &amp; Drama i David Kenedy i Christopher Wellington (m\u00fasica de cambra) al Trinity College of Music de Londres. L\u2019any 2003 obt\u00e9 el Certificate of Teaching de l\u2019Associated Board of the Royal Schools of Music. Actualment col\u00b7labora amb l\u2019Orquestra Simf\u00f2nica Sant Cugat i \u00e9s membre de l\u2019Orquestra Barroca de Barcelona i del Quartet de Corda Manfred.<\/p>\n","protected":false},"excerpt":{"rendered":"<p><a href=\"https:\/\/agora.xtec.cat\/ceipvistaalegre\/wp-content\/uploads\/usu1936\/2021\/11\/Dia-de-la-musica.jpg\"><\/a><br \/>\n&nbsp;<br \/>\nEl proper dijous 25 de novembre, celebrarem el Dia de la M\u00fasica, amb un concert de violoncel a c\u00e0rrec de l&#8217;Albert Mart\u00edn.<br \/>\nL&#8217;Albert Mart\u00edn inicia els seus estudis musicals a l\u2019Escolania de la Catedral de Barcelona. Posteriorment estudia violoncel amb Manuel Stacey a l\u2019Escola Luthier&hellip;  <a href=\"https:\/\/agora.xtec.cat\/ceipvistaalegre\/portada\/dia-de-la-musica-3\/\" title=\"Read Dia de la m\u00fasica\">Llegeix m\u00e9s\u00bb<\/a><\/p>\n","protected":false},"author":3,"featured_media":0,"comment_status":"open","ping_status":"closed","sticky":false,"template":"","format":"standard","meta":{"_bbp_topic_count":0,"_bbp_reply_count":0,"_bbp_total_topic_count":0,"_bbp_total_reply_count":0,"_bbp_voice_count":0,"_bbp_anonymous_reply_count":0,"_bbp_topic_count_hidden":0,"_bbp_reply_count_hidden":0,"_bbp_forum_subforum_count":0,"footnotes":""},"categories":[4],"tags":[],"class_list":["post-5675","post","type-post","status-publish","format-standard","hentry","category-portada"],"post_mailing_queue_ids":[],"_links":{"self":[{"href":"https:\/\/agora.xtec.cat\/ceipvistaalegre\/wp-json\/wp\/v2\/posts\/5675","targetHints":{"allow":["GET"]}}],"collection":[{"href":"https:\/\/agora.xtec.cat\/ceipvistaalegre\/wp-json\/wp\/v2\/posts"}],"about":[{"href":"https:\/\/agora.xtec.cat\/ceipvistaalegre\/wp-json\/wp\/v2\/types\/post"}],"author":[{"embeddable":true,"href":"https:\/\/agora.xtec.cat\/ceipvistaalegre\/wp-json\/wp\/v2\/users\/3"}],"replies":[{"embeddable":true,"href":"https:\/\/agora.xtec.cat\/ceipvistaalegre\/wp-json\/wp\/v2\/comments?post=5675"}],"version-history":[{"count":2,"href":"https:\/\/agora.xtec.cat\/ceipvistaalegre\/wp-json\/wp\/v2\/posts\/5675\/revisions"}],"predecessor-version":[{"id":5679,"href":"https:\/\/agora.xtec.cat\/ceipvistaalegre\/wp-json\/wp\/v2\/posts\/5675\/revisions\/5679"}],"wp:attachment":[{"href":"https:\/\/agora.xtec.cat\/ceipvistaalegre\/wp-json\/wp\/v2\/media?parent=5675"}],"wp:term":[{"taxonomy":"category","embeddable":true,"href":"https:\/\/agora.xtec.cat\/ceipvistaalegre\/wp-json\/wp\/v2\/categories?post=5675"},{"taxonomy":"post_tag","embeddable":true,"href":"https:\/\/agora.xtec.cat\/ceipvistaalegre\/wp-json\/wp\/v2\/tags?post=5675"}],"curies":[{"name":"wp","href":"https:\/\/api.w.org\/{rel}","templated":true}]}}