{"id":5645,"date":"2021-11-18T20:18:24","date_gmt":"2021-11-18T19:18:24","guid":{"rendered":"https:\/\/agora.xtec.cat\/ceipvistaalegre\/?p=5645"},"modified":"2021-11-18T20:27:30","modified_gmt":"2021-11-18T19:27:30","slug":"racons-matematics","status":"publish","type":"post","link":"https:\/\/agora.xtec.cat\/ceipvistaalegre\/infantil\/infantil-4-anys\/racons-matematics\/","title":{"rendered":"RACONS MATEM\u00c0TICS"},"content":{"rendered":"<p>Els alumnes de P4 treballem els diferents conceptes matem\u00e0tics a trav\u00e9s de racons. Amb aquesta metodologia podem atendre als nens en petit grup, fent propostes de treball amb diferent grau d&#8217;autonomia i dificultat. Aqu\u00ed us ensenyem una mostra d&#8217;algunes activitats que fem a l&#8217;aula.<\/p>\n<p><a href=\"https:\/\/agora.xtec.cat\/ceipvistaalegre\/wp-content\/uploads\/usu1936\/2021\/11\/RACONS-DE-MATEMATIQUES-1-min.png\"><img loading=\"lazy\" decoding=\"async\" class=\"alignnone size-large wp-image-5648\" src=\"https:\/\/agora.xtec.cat\/ceipvistaalegre\/wp-content\/uploads\/usu1936\/2021\/11\/RACONS-DE-MATEMATIQUES-1-min-1024x576.png\" alt=\"\" width=\"1024\" height=\"576\" srcset=\"https:\/\/agora.xtec.cat\/ceipvistaalegre\/wp-content\/uploads\/usu1936\/2021\/11\/RACONS-DE-MATEMATIQUES-1-min-1024x576.png 1024w, https:\/\/agora.xtec.cat\/ceipvistaalegre\/wp-content\/uploads\/usu1936\/2021\/11\/RACONS-DE-MATEMATIQUES-1-min-300x169.png 300w, https:\/\/agora.xtec.cat\/ceipvistaalegre\/wp-content\/uploads\/usu1936\/2021\/11\/RACONS-DE-MATEMATIQUES-1-min-768x432.png 768w, https:\/\/agora.xtec.cat\/ceipvistaalegre\/wp-content\/uploads\/usu1936\/2021\/11\/RACONS-DE-MATEMATIQUES-1-min.png 1422w\" sizes=\"auto, (max-width: 1024px) 100vw, 1024px\" \/><\/a><\/p>\n","protected":false},"excerpt":{"rendered":"<p>Els alumnes de P4 treballem els diferents conceptes matem\u00e0tics a trav\u00e9s de racons. Amb aquesta metodologia podem atendre als nens en petit grup, fent propostes de treball amb diferent grau d&#8217;autonomia i dificultat. Aqu\u00ed us ensenyem una mostra d&#8217;algunes activitats que fem a l&#8217;aula.<br \/>\n<a href=\"https:\/\/agora.xtec.cat\/ceipvistaalegre\/wp-content\/uploads\/usu1936\/2021\/11\/RACONS-DE-MATEMATIQUES-1-min.png\"><\/a><\/p>\n","protected":false},"author":25,"featured_media":5234,"comment_status":"open","ping_status":"closed","sticky":false,"template":"","format":"standard","meta":{"_bbp_topic_count":0,"_bbp_reply_count":0,"_bbp_total_topic_count":0,"_bbp_total_reply_count":0,"_bbp_voice_count":0,"_bbp_anonymous_reply_count":0,"_bbp_topic_count_hidden":0,"_bbp_reply_count_hidden":0,"_bbp_forum_subforum_count":0,"footnotes":""},"categories":[8],"tags":[],"class_list":["post-5645","post","type-post","status-publish","format-standard","has-post-thumbnail","hentry","category-infantil-4-anys"],"post_mailing_queue_ids":[],"_links":{"self":[{"href":"https:\/\/agora.xtec.cat\/ceipvistaalegre\/wp-json\/wp\/v2\/posts\/5645","targetHints":{"allow":["GET"]}}],"collection":[{"href":"https:\/\/agora.xtec.cat\/ceipvistaalegre\/wp-json\/wp\/v2\/posts"}],"about":[{"href":"https:\/\/agora.xtec.cat\/ceipvistaalegre\/wp-json\/wp\/v2\/types\/post"}],"author":[{"embeddable":true,"href":"https:\/\/agora.xtec.cat\/ceipvistaalegre\/wp-json\/wp\/v2\/users\/25"}],"replies":[{"embeddable":true,"href":"https:\/\/agora.xtec.cat\/ceipvistaalegre\/wp-json\/wp\/v2\/comments?post=5645"}],"version-history":[{"count":2,"href":"https:\/\/agora.xtec.cat\/ceipvistaalegre\/wp-json\/wp\/v2\/posts\/5645\/revisions"}],"predecessor-version":[{"id":5649,"href":"https:\/\/agora.xtec.cat\/ceipvistaalegre\/wp-json\/wp\/v2\/posts\/5645\/revisions\/5649"}],"wp:featuredmedia":[{"embeddable":true,"href":"https:\/\/agora.xtec.cat\/ceipvistaalegre\/wp-json\/wp\/v2\/media\/5234"}],"wp:attachment":[{"href":"https:\/\/agora.xtec.cat\/ceipvistaalegre\/wp-json\/wp\/v2\/media?parent=5645"}],"wp:term":[{"taxonomy":"category","embeddable":true,"href":"https:\/\/agora.xtec.cat\/ceipvistaalegre\/wp-json\/wp\/v2\/categories?post=5645"},{"taxonomy":"post_tag","embeddable":true,"href":"https:\/\/agora.xtec.cat\/ceipvistaalegre\/wp-json\/wp\/v2\/tags?post=5645"}],"curies":[{"name":"wp","href":"https:\/\/api.w.org\/{rel}","templated":true}]}}