{"id":5609,"date":"2021-11-12T12:11:07","date_gmt":"2021-11-12T11:11:07","guid":{"rendered":"https:\/\/agora.xtec.cat\/ceipvistaalegre\/?p=5609"},"modified":"2021-11-12T12:11:30","modified_gmt":"2021-11-12T11:11:30","slug":"nadal-2021-reserva-de-ponseties-i-vesc","status":"publish","type":"post","link":"https:\/\/agora.xtec.cat\/ceipvistaalegre\/portada\/nadal-2021-reserva-de-ponseties-i-vesc\/","title":{"rendered":"Nadal 2021: reserva de pons\u00e8ties i vesc"},"content":{"rendered":"<p><a href=\"https:\/\/agora.xtec.cat\/ceipvistaalegre\/wp-content\/uploads\/usu1936\/2021\/11\/Comanda-Nadal.jpg\"><img loading=\"lazy\" decoding=\"async\" class=\"wp-image-5610 aligncenter\" src=\"https:\/\/agora.xtec.cat\/ceipvistaalegre\/wp-content\/uploads\/usu1936\/2021\/11\/Comanda-Nadal-1024x1024.jpg\" alt=\"\" width=\"467\" height=\"467\" srcset=\"https:\/\/agora.xtec.cat\/ceipvistaalegre\/wp-content\/uploads\/usu1936\/2021\/11\/Comanda-Nadal-1024x1024.jpg 1024w, https:\/\/agora.xtec.cat\/ceipvistaalegre\/wp-content\/uploads\/usu1936\/2021\/11\/Comanda-Nadal-300x300.jpg 300w, https:\/\/agora.xtec.cat\/ceipvistaalegre\/wp-content\/uploads\/usu1936\/2021\/11\/Comanda-Nadal-150x150.jpg 150w, https:\/\/agora.xtec.cat\/ceipvistaalegre\/wp-content\/uploads\/usu1936\/2021\/11\/Comanda-Nadal-768x768.jpg 768w, https:\/\/agora.xtec.cat\/ceipvistaalegre\/wp-content\/uploads\/usu1936\/2021\/11\/Comanda-Nadal-1536x1536.jpg 1536w, https:\/\/agora.xtec.cat\/ceipvistaalegre\/wp-content\/uploads\/usu1936\/2021\/11\/Comanda-Nadal.jpg 1654w\" sizes=\"auto, (max-width: 467px) 100vw, 467px\" \/><\/a><\/p>\n<h3 style=\"text-align: center;\"><strong>VENDA DE PONS\u00c8TIES I VESC: 1, 2 i 3 DE DESEMBRE<\/strong><\/h3>\n<h3 style=\"text-align: center;\">BENEFICIS PER LES COL\u00d2NIES DE 5\u00e8 i 6\u00e8<\/h3>\n<p style=\"text-align: center;\"><strong>Feu la vostra reserva al correu de direcci\u00f3 i no us quedeu sense!<\/strong><\/p>\n","protected":false},"excerpt":{"rendered":"<p><a href=\"https:\/\/agora.xtec.cat\/ceipvistaalegre\/wp-content\/uploads\/usu1936\/2021\/11\/Comanda-Nadal.jpg\"><\/a><br \/>\nVENDA DE PONS\u00c8TIES I VESC: 1, 2 i 3 DE DESEMBRE<br \/>\nBENEFICIS PER LES COL\u00d2NIES DE 5\u00e8 i 6\u00e8<br \/>\nFeu la vostra reserva al correu de direcci\u00f3 i no us quedeu sense!<\/p>\n","protected":false},"author":3,"featured_media":0,"comment_status":"open","ping_status":"closed","sticky":false,"template":"","format":"standard","meta":{"_bbp_topic_count":0,"_bbp_reply_count":0,"_bbp_total_topic_count":0,"_bbp_total_reply_count":0,"_bbp_voice_count":0,"_bbp_anonymous_reply_count":0,"_bbp_topic_count_hidden":0,"_bbp_reply_count_hidden":0,"_bbp_forum_subforum_count":0,"footnotes":""},"categories":[4],"tags":[],"class_list":["post-5609","post","type-post","status-publish","format-standard","hentry","category-portada"],"post_mailing_queue_ids":[],"_links":{"self":[{"href":"https:\/\/agora.xtec.cat\/ceipvistaalegre\/wp-json\/wp\/v2\/posts\/5609","targetHints":{"allow":["GET"]}}],"collection":[{"href":"https:\/\/agora.xtec.cat\/ceipvistaalegre\/wp-json\/wp\/v2\/posts"}],"about":[{"href":"https:\/\/agora.xtec.cat\/ceipvistaalegre\/wp-json\/wp\/v2\/types\/post"}],"author":[{"embeddable":true,"href":"https:\/\/agora.xtec.cat\/ceipvistaalegre\/wp-json\/wp\/v2\/users\/3"}],"replies":[{"embeddable":true,"href":"https:\/\/agora.xtec.cat\/ceipvistaalegre\/wp-json\/wp\/v2\/comments?post=5609"}],"version-history":[{"count":2,"href":"https:\/\/agora.xtec.cat\/ceipvistaalegre\/wp-json\/wp\/v2\/posts\/5609\/revisions"}],"predecessor-version":[{"id":5613,"href":"https:\/\/agora.xtec.cat\/ceipvistaalegre\/wp-json\/wp\/v2\/posts\/5609\/revisions\/5613"}],"wp:attachment":[{"href":"https:\/\/agora.xtec.cat\/ceipvistaalegre\/wp-json\/wp\/v2\/media?parent=5609"}],"wp:term":[{"taxonomy":"category","embeddable":true,"href":"https:\/\/agora.xtec.cat\/ceipvistaalegre\/wp-json\/wp\/v2\/categories?post=5609"},{"taxonomy":"post_tag","embeddable":true,"href":"https:\/\/agora.xtec.cat\/ceipvistaalegre\/wp-json\/wp\/v2\/tags?post=5609"}],"curies":[{"name":"wp","href":"https:\/\/api.w.org\/{rel}","templated":true}]}}