{"id":5475,"date":"2021-10-31T18:24:15","date_gmt":"2021-10-31T17:24:15","guid":{"rendered":"https:\/\/agora.xtec.cat\/ceipvistaalegre\/?p=5475"},"modified":"2021-10-31T18:24:15","modified_gmt":"2021-10-31T17:24:15","slug":"els-nostres-treballs","status":"publish","type":"post","link":"https:\/\/agora.xtec.cat\/ceipvistaalegre\/infantil\/els-nostres-treballs\/","title":{"rendered":"ELS NOSTRES TREBALLS"},"content":{"rendered":"<p>Durant el mes d\u2019octubre els\u00a0 nens i les nenes de P-3 han comen\u00e7at \u00a0a interioritzar alguns continguts a trav\u00e9s de la conversa, de\u00a0 l\u2019observaci\u00f3, de la manipulaci\u00f3 i del joc.<\/p>\n<p>Tamb\u00e9 han comen\u00e7at a \u00a0utilitzar alguns estris i \u00a0t\u00e8cniques pl\u00e0stiques. Per\u00f2 especialment, estan aprenent a gaudir de les experi\u00e8ncies que viuen \u00a0di\u00e0riament a l\u2019escola.<\/p>\n<p><a href=\"https:\/\/agora.xtec.cat\/ceipvistaalegre\/wp-content\/uploads\/usu1936\/2021\/10\/TREBALLS-NENS.png\"><img loading=\"lazy\" decoding=\"async\" class=\"alignnone size-large wp-image-5474\" src=\"https:\/\/agora.xtec.cat\/ceipvistaalegre\/wp-content\/uploads\/usu1936\/2021\/10\/TREBALLS-NENS-1024x576.png\" alt=\"\" width=\"1024\" height=\"576\" srcset=\"https:\/\/agora.xtec.cat\/ceipvistaalegre\/wp-content\/uploads\/usu1936\/2021\/10\/TREBALLS-NENS-1024x576.png 1024w, https:\/\/agora.xtec.cat\/ceipvistaalegre\/wp-content\/uploads\/usu1936\/2021\/10\/TREBALLS-NENS-300x169.png 300w, https:\/\/agora.xtec.cat\/ceipvistaalegre\/wp-content\/uploads\/usu1936\/2021\/10\/TREBALLS-NENS-768x432.png 768w, https:\/\/agora.xtec.cat\/ceipvistaalegre\/wp-content\/uploads\/usu1936\/2021\/10\/TREBALLS-NENS.png 1422w\" sizes=\"auto, (max-width: 1024px) 100vw, 1024px\" \/><\/a><\/p>\n","protected":false},"excerpt":{"rendered":"<p>Durant el mes d\u2019octubre els\u00a0 nens i les nenes de P-3 han comen\u00e7at \u00a0a interioritzar alguns continguts a trav\u00e9s de la conversa, de\u00a0 l\u2019observaci\u00f3, de la manipulaci\u00f3 i del joc.<br \/>\nTamb\u00e9 han comen\u00e7at a \u00a0utilitzar alguns estris i \u00a0t\u00e8cniques pl\u00e0stiques. Per\u00f2 especialment, estan aprenent a gaudir&hellip;  <a href=\"https:\/\/agora.xtec.cat\/ceipvistaalegre\/infantil\/els-nostres-treballs\/\" title=\"Read ELS NOSTRES TREBALLS\">Llegeix m\u00e9s\u00bb<\/a><\/p>\n","protected":false},"author":15,"featured_media":5234,"comment_status":"open","ping_status":"closed","sticky":false,"template":"","format":"standard","meta":{"_bbp_topic_count":0,"_bbp_reply_count":0,"_bbp_total_topic_count":0,"_bbp_total_reply_count":0,"_bbp_voice_count":0,"_bbp_anonymous_reply_count":0,"_bbp_topic_count_hidden":0,"_bbp_reply_count_hidden":0,"_bbp_forum_subforum_count":0,"footnotes":""},"categories":[3,2],"tags":[],"class_list":["post-5475","post","type-post","status-publish","format-standard","has-post-thumbnail","hentry","category-infantil-3-anys","category-infantil"],"post_mailing_queue_ids":[],"_links":{"self":[{"href":"https:\/\/agora.xtec.cat\/ceipvistaalegre\/wp-json\/wp\/v2\/posts\/5475","targetHints":{"allow":["GET"]}}],"collection":[{"href":"https:\/\/agora.xtec.cat\/ceipvistaalegre\/wp-json\/wp\/v2\/posts"}],"about":[{"href":"https:\/\/agora.xtec.cat\/ceipvistaalegre\/wp-json\/wp\/v2\/types\/post"}],"author":[{"embeddable":true,"href":"https:\/\/agora.xtec.cat\/ceipvistaalegre\/wp-json\/wp\/v2\/users\/15"}],"replies":[{"embeddable":true,"href":"https:\/\/agora.xtec.cat\/ceipvistaalegre\/wp-json\/wp\/v2\/comments?post=5475"}],"version-history":[{"count":1,"href":"https:\/\/agora.xtec.cat\/ceipvistaalegre\/wp-json\/wp\/v2\/posts\/5475\/revisions"}],"predecessor-version":[{"id":5476,"href":"https:\/\/agora.xtec.cat\/ceipvistaalegre\/wp-json\/wp\/v2\/posts\/5475\/revisions\/5476"}],"wp:featuredmedia":[{"embeddable":true,"href":"https:\/\/agora.xtec.cat\/ceipvistaalegre\/wp-json\/wp\/v2\/media\/5234"}],"wp:attachment":[{"href":"https:\/\/agora.xtec.cat\/ceipvistaalegre\/wp-json\/wp\/v2\/media?parent=5475"}],"wp:term":[{"taxonomy":"category","embeddable":true,"href":"https:\/\/agora.xtec.cat\/ceipvistaalegre\/wp-json\/wp\/v2\/categories?post=5475"},{"taxonomy":"post_tag","embeddable":true,"href":"https:\/\/agora.xtec.cat\/ceipvistaalegre\/wp-json\/wp\/v2\/tags?post=5475"}],"curies":[{"name":"wp","href":"https:\/\/api.w.org\/{rel}","templated":true}]}}