{"id":5435,"date":"2021-10-27T18:35:28","date_gmt":"2021-10-27T16:35:28","guid":{"rendered":"https:\/\/agora.xtec.cat\/ceipvistaalegre\/?p=5435"},"modified":"2021-10-27T18:35:51","modified_gmt":"2021-10-27T16:35:51","slug":"mostra-de-tardor","status":"publish","type":"post","link":"https:\/\/agora.xtec.cat\/ceipvistaalegre\/portada\/mostra-de-tardor\/","title":{"rendered":"MOSTRA DE TARDOR"},"content":{"rendered":"<p>Una de les activitats que fem a l&#8217;escola, \u00e9s la <strong>MOSTRA DE TARDOR \ud83c\udf41\ud83c\udf42<\/strong><\/p>\n<p>Consisteix en una parada de fruits, fruites i productes t\u00edpics d&#8217;aquestes dates: fruits secs, panellets, figues, magranes, melmelada o codonyat, entre d&#8217;altres.<\/p>\n<p>L&#8217;alumnat de 6\u00e8 \u00e9s l&#8217;encarregat d&#8217;explicar i ensenyar a la resta de nens i nenes de l&#8217;escola com s\u00f3n aquests productes, a on es troben o com \u00e9s la seva elaboraci\u00f3.<\/p>\n<p>Si voleu veure les imatges de la jornada, podeu clicar la foto.<\/p>\n<p style=\"text-align: center;\"><a href=\"https:\/\/drive.google.com\/drive\/folders\/1cx78-NE0_R_edZ5h8XcAOy28lsZv7Hjn?usp=sharing\"><img loading=\"lazy\" decoding=\"async\" class=\"alignnone wp-image-5436\" src=\"https:\/\/agora.xtec.cat\/ceipvistaalegre\/wp-content\/uploads\/usu1936\/2021\/10\/IMG_20211027_102910-1-768x1024.jpg\" alt=\"\" width=\"456\" height=\"609\" srcset=\"https:\/\/agora.xtec.cat\/ceipvistaalegre\/wp-content\/uploads\/usu1936\/2021\/10\/IMG_20211027_102910-1-768x1024.jpg 768w, https:\/\/agora.xtec.cat\/ceipvistaalegre\/wp-content\/uploads\/usu1936\/2021\/10\/IMG_20211027_102910-1-225x300.jpg 225w, https:\/\/agora.xtec.cat\/ceipvistaalegre\/wp-content\/uploads\/usu1936\/2021\/10\/IMG_20211027_102910-1-1152x1536.jpg 1152w, https:\/\/agora.xtec.cat\/ceipvistaalegre\/wp-content\/uploads\/usu1936\/2021\/10\/IMG_20211027_102910-1-1536x2048.jpg 1536w, https:\/\/agora.xtec.cat\/ceipvistaalegre\/wp-content\/uploads\/usu1936\/2021\/10\/IMG_20211027_102910-1-scaled.jpg 1920w\" sizes=\"auto, (max-width: 456px) 100vw, 456px\" \/><\/a><\/p>\n","protected":false},"excerpt":{"rendered":"<p>Una de les activitats que fem a l&#8217;escola, \u00e9s la MOSTRA DE TARDOR \ud83c\udf41\ud83c\udf42<br \/>\nConsisteix en una parada de fruits, fruites i productes t\u00edpics d&#8217;aquestes dates: fruits secs, panellets, figues, magranes, melmelada o codonyat, entre d&#8217;altres.<br \/>\nL&#8217;alumnat de 6\u00e8 \u00e9s l&#8217;encarregat d&#8217;explicar i ensenyar a la resta&hellip;  <a href=\"https:\/\/agora.xtec.cat\/ceipvistaalegre\/portada\/mostra-de-tardor\/\" title=\"Read MOSTRA DE TARDOR\">Llegeix m\u00e9s\u00bb<\/a><\/p>\n","protected":false},"author":3,"featured_media":0,"comment_status":"open","ping_status":"closed","sticky":false,"template":"","format":"standard","meta":{"_bbp_topic_count":0,"_bbp_reply_count":0,"_bbp_total_topic_count":0,"_bbp_total_reply_count":0,"_bbp_voice_count":0,"_bbp_anonymous_reply_count":0,"_bbp_topic_count_hidden":0,"_bbp_reply_count_hidden":0,"_bbp_forum_subforum_count":0,"footnotes":""},"categories":[4],"tags":[],"class_list":["post-5435","post","type-post","status-publish","format-standard","hentry","category-portada"],"post_mailing_queue_ids":[],"_links":{"self":[{"href":"https:\/\/agora.xtec.cat\/ceipvistaalegre\/wp-json\/wp\/v2\/posts\/5435","targetHints":{"allow":["GET"]}}],"collection":[{"href":"https:\/\/agora.xtec.cat\/ceipvistaalegre\/wp-json\/wp\/v2\/posts"}],"about":[{"href":"https:\/\/agora.xtec.cat\/ceipvistaalegre\/wp-json\/wp\/v2\/types\/post"}],"author":[{"embeddable":true,"href":"https:\/\/agora.xtec.cat\/ceipvistaalegre\/wp-json\/wp\/v2\/users\/3"}],"replies":[{"embeddable":true,"href":"https:\/\/agora.xtec.cat\/ceipvistaalegre\/wp-json\/wp\/v2\/comments?post=5435"}],"version-history":[{"count":1,"href":"https:\/\/agora.xtec.cat\/ceipvistaalegre\/wp-json\/wp\/v2\/posts\/5435\/revisions"}],"predecessor-version":[{"id":5437,"href":"https:\/\/agora.xtec.cat\/ceipvistaalegre\/wp-json\/wp\/v2\/posts\/5435\/revisions\/5437"}],"wp:attachment":[{"href":"https:\/\/agora.xtec.cat\/ceipvistaalegre\/wp-json\/wp\/v2\/media?parent=5435"}],"wp:term":[{"taxonomy":"category","embeddable":true,"href":"https:\/\/agora.xtec.cat\/ceipvistaalegre\/wp-json\/wp\/v2\/categories?post=5435"},{"taxonomy":"post_tag","embeddable":true,"href":"https:\/\/agora.xtec.cat\/ceipvistaalegre\/wp-json\/wp\/v2\/tags?post=5435"}],"curies":[{"name":"wp","href":"https:\/\/api.w.org\/{rel}","templated":true}]}}