{"id":5343,"date":"2021-10-19T20:37:05","date_gmt":"2021-10-19T18:37:05","guid":{"rendered":"https:\/\/agora.xtec.cat\/ceipvistaalegre\/?p=5343"},"modified":"2021-12-19T12:00:39","modified_gmt":"2021-12-19T11:00:39","slug":"el-raco-de-la-tardor","status":"publish","type":"post","link":"https:\/\/agora.xtec.cat\/ceipvistaalegre\/infantil\/infantil-5-anys\/el-raco-de-la-tardor\/","title":{"rendered":"El rac\u00f3 de la tardor."},"content":{"rendered":"<p>Els nens i les nenes de la classe de P-5 hem comen\u00e7at a portar elements naturals per construir el rac\u00f3 de la tardor. Hem observat els colors, les textures, les formes de les\u00a0 pinyes, la molsa, els troncs amb l\u00edquens, les castanyes i el seu punxegut pell\u00f3, la carbassa &#8230; i moltes coses m\u00e9s. Tamb\u00e9 hem olorat les garrofes i escoltat el so dels pinyons dins la seva closca&#8230;\u00a0 Anirem manipulant i experimentant per con\u00e8ixer cadascun d&#8217;aquests elements del bosc.<\/p>\n<p><a href=\"https:\/\/agora.xtec.cat\/ceipvistaalegre\/infantil\/p5\/el-raco-de-la-tardor\/attachment\/collage_-el-raco-de-la-tardor-1-2\/\" rel=\"attachment wp-att-5408\"><img loading=\"lazy\" decoding=\"async\" class=\"aligncenter wp-image-5408 size-full\" src=\"https:\/\/agora.xtec.cat\/ceipvistaalegre\/wp-content\/uploads\/usu1936\/2021\/10\/Collage_-El-raco-de-la-tardor-1-1.jpg\" alt=\"\" width=\"1422\" height=\"800\" srcset=\"https:\/\/agora.xtec.cat\/ceipvistaalegre\/wp-content\/uploads\/usu1936\/2021\/10\/Collage_-El-raco-de-la-tardor-1-1.jpg 1422w, https:\/\/agora.xtec.cat\/ceipvistaalegre\/wp-content\/uploads\/usu1936\/2021\/10\/Collage_-El-raco-de-la-tardor-1-1-300x169.jpg 300w, https:\/\/agora.xtec.cat\/ceipvistaalegre\/wp-content\/uploads\/usu1936\/2021\/10\/Collage_-El-raco-de-la-tardor-1-1-1024x576.jpg 1024w, https:\/\/agora.xtec.cat\/ceipvistaalegre\/wp-content\/uploads\/usu1936\/2021\/10\/Collage_-El-raco-de-la-tardor-1-1-768x432.jpg 768w\" sizes=\"auto, (max-width: 1422px) 100vw, 1422px\" \/><\/a><\/p>\n<p>&nbsp;<\/p>\n<p>&nbsp;<\/p>\n","protected":false},"excerpt":{"rendered":"<p>Els nens i les nenes de la classe de P-5 hem comen\u00e7at a portar elements naturals per construir el rac\u00f3 de la tardor. Hem observat els colors, les textures, les formes de les\u00a0 pinyes, la molsa, els troncs amb l\u00edquens, les castanyes i el seu&hellip;  <a href=\"https:\/\/agora.xtec.cat\/ceipvistaalegre\/infantil\/infantil-5-anys\/el-raco-de-la-tardor\/\" title=\"Read El rac\u00f3 de la tardor.\">Llegeix m\u00e9s\u00bb<\/a><\/p>\n","protected":false},"author":4,"featured_media":0,"comment_status":"open","ping_status":"closed","sticky":false,"template":"","format":"standard","meta":{"_bbp_topic_count":0,"_bbp_reply_count":0,"_bbp_total_topic_count":0,"_bbp_total_reply_count":0,"_bbp_voice_count":0,"_bbp_anonymous_reply_count":0,"_bbp_topic_count_hidden":0,"_bbp_reply_count_hidden":0,"_bbp_forum_subforum_count":0,"footnotes":""},"categories":[225],"tags":[93],"class_list":["post-5343","post","type-post","status-publish","format-standard","hentry","category-infantil-5-anys","tag-tardor"],"post_mailing_queue_ids":[],"_links":{"self":[{"href":"https:\/\/agora.xtec.cat\/ceipvistaalegre\/wp-json\/wp\/v2\/posts\/5343","targetHints":{"allow":["GET"]}}],"collection":[{"href":"https:\/\/agora.xtec.cat\/ceipvistaalegre\/wp-json\/wp\/v2\/posts"}],"about":[{"href":"https:\/\/agora.xtec.cat\/ceipvistaalegre\/wp-json\/wp\/v2\/types\/post"}],"author":[{"embeddable":true,"href":"https:\/\/agora.xtec.cat\/ceipvistaalegre\/wp-json\/wp\/v2\/users\/4"}],"replies":[{"embeddable":true,"href":"https:\/\/agora.xtec.cat\/ceipvistaalegre\/wp-json\/wp\/v2\/comments?post=5343"}],"version-history":[{"count":4,"href":"https:\/\/agora.xtec.cat\/ceipvistaalegre\/wp-json\/wp\/v2\/posts\/5343\/revisions"}],"predecessor-version":[{"id":5410,"href":"https:\/\/agora.xtec.cat\/ceipvistaalegre\/wp-json\/wp\/v2\/posts\/5343\/revisions\/5410"}],"wp:attachment":[{"href":"https:\/\/agora.xtec.cat\/ceipvistaalegre\/wp-json\/wp\/v2\/media?parent=5343"}],"wp:term":[{"taxonomy":"category","embeddable":true,"href":"https:\/\/agora.xtec.cat\/ceipvistaalegre\/wp-json\/wp\/v2\/categories?post=5343"},{"taxonomy":"post_tag","embeddable":true,"href":"https:\/\/agora.xtec.cat\/ceipvistaalegre\/wp-json\/wp\/v2\/tags?post=5343"}],"curies":[{"name":"wp","href":"https:\/\/api.w.org\/{rel}","templated":true}]}}