{"id":5188,"date":"2021-10-05T10:54:50","date_gmt":"2021-10-05T08:54:50","guid":{"rendered":"https:\/\/agora.xtec.cat\/ceipvistaalegre\/?p=5188"},"modified":"2021-10-05T10:55:04","modified_gmt":"2021-10-05T08:55:04","slug":"festa-de-benvinguda","status":"publish","type":"post","link":"https:\/\/agora.xtec.cat\/ceipvistaalegre\/portada\/festa-de-benvinguda\/","title":{"rendered":"FESTA DE BENVINGUDA"},"content":{"rendered":"<p>El passat divendres va tenir lloc la festa de benvinguda al nou curs. Tots els nens i nenes, aix\u00ed com els mestres, ens ho vam passar d&#8217;all\u00f2 m\u00e9s b\u00e9 amb els balls i la m\u00fasica dels gegants.<\/p>\n<p><a href=\"https:\/\/agora.xtec.cat\/ceipvistaalegre\/wp-content\/uploads\/usu1936\/2021\/10\/IMG_20211001_154011-scaled.jpg\"><img loading=\"lazy\" decoding=\"async\" class=\"wp-image-5189 aligncenter\" src=\"https:\/\/agora.xtec.cat\/ceipvistaalegre\/wp-content\/uploads\/usu1936\/2021\/10\/IMG_20211001_154011-1024x768.jpg\" alt=\"\" width=\"622\" height=\"467\" srcset=\"https:\/\/agora.xtec.cat\/ceipvistaalegre\/wp-content\/uploads\/usu1936\/2021\/10\/IMG_20211001_154011-1024x768.jpg 1024w, https:\/\/agora.xtec.cat\/ceipvistaalegre\/wp-content\/uploads\/usu1936\/2021\/10\/IMG_20211001_154011-300x225.jpg 300w, https:\/\/agora.xtec.cat\/ceipvistaalegre\/wp-content\/uploads\/usu1936\/2021\/10\/IMG_20211001_154011-768x576.jpg 768w, https:\/\/agora.xtec.cat\/ceipvistaalegre\/wp-content\/uploads\/usu1936\/2021\/10\/IMG_20211001_154011-1536x1152.jpg 1536w, https:\/\/agora.xtec.cat\/ceipvistaalegre\/wp-content\/uploads\/usu1936\/2021\/10\/IMG_20211001_154011-2048x1536.jpg 2048w, https:\/\/agora.xtec.cat\/ceipvistaalegre\/wp-content\/uploads\/usu1936\/2021\/10\/IMG_20211001_154011-200x150.jpg 200w\" sizes=\"auto, (max-width: 622px) 100vw, 622px\" \/><\/a><\/p>\n<p>Gr\u00e0cies al projecte &#8220;Matar\u00f3 gegant&#8221; posat en marxa per la colla Terenci de l&#8217;IES Thos i Codina, van assistir el Garrofa (EB Els Garrofers), La Iaia (EB La Riereta), l&#8217;Angeleta (IE \u00c0ngela Bransuela) i en Terenci (IES Thos i Codina). El nostre Dracalegre va estar m\u00e9s acompanyat que mai!<\/p>\n<p>A m\u00e9s, l&#8217;AMPA de l&#8217;escola ens va convidar a berenar galetes amb xocolata \ud83d\ude0b. Bon\u00edssimes!<\/p>\n<h4>Una festa genial!<\/h4>\n","protected":false},"excerpt":{"rendered":"<p>El passat divendres va tenir lloc la festa de benvinguda al nou curs. Tots els nens i nenes, aix\u00ed com els mestres, ens ho vam passar d&#8217;all\u00f2 m\u00e9s b\u00e9 amb els balls i la m\u00fasica dels gegants.<br \/>\n<a href=\"https:\/\/agora.xtec.cat\/ceipvistaalegre\/wp-content\/uploads\/usu1936\/2021\/10\/IMG_20211001_154011-scaled.jpg\"><\/a><br \/>\nGr\u00e0cies al projecte &#8220;Matar\u00f3 gegant&#8221; posat en marxa&hellip;  <a href=\"https:\/\/agora.xtec.cat\/ceipvistaalegre\/portada\/festa-de-benvinguda\/\" title=\"Read FESTA DE BENVINGUDA\">Llegeix m\u00e9s\u00bb<\/a><\/p>\n","protected":false},"author":3,"featured_media":0,"comment_status":"open","ping_status":"closed","sticky":false,"template":"","format":"standard","meta":{"_bbp_topic_count":0,"_bbp_reply_count":0,"_bbp_total_topic_count":0,"_bbp_total_reply_count":0,"_bbp_voice_count":0,"_bbp_anonymous_reply_count":0,"_bbp_topic_count_hidden":0,"_bbp_reply_count_hidden":0,"_bbp_forum_subforum_count":0,"footnotes":""},"categories":[4],"tags":[],"class_list":["post-5188","post","type-post","status-publish","format-standard","hentry","category-portada"],"post_mailing_queue_ids":[],"_links":{"self":[{"href":"https:\/\/agora.xtec.cat\/ceipvistaalegre\/wp-json\/wp\/v2\/posts\/5188","targetHints":{"allow":["GET"]}}],"collection":[{"href":"https:\/\/agora.xtec.cat\/ceipvistaalegre\/wp-json\/wp\/v2\/posts"}],"about":[{"href":"https:\/\/agora.xtec.cat\/ceipvistaalegre\/wp-json\/wp\/v2\/types\/post"}],"author":[{"embeddable":true,"href":"https:\/\/agora.xtec.cat\/ceipvistaalegre\/wp-json\/wp\/v2\/users\/3"}],"replies":[{"embeddable":true,"href":"https:\/\/agora.xtec.cat\/ceipvistaalegre\/wp-json\/wp\/v2\/comments?post=5188"}],"version-history":[{"count":1,"href":"https:\/\/agora.xtec.cat\/ceipvistaalegre\/wp-json\/wp\/v2\/posts\/5188\/revisions"}],"predecessor-version":[{"id":5190,"href":"https:\/\/agora.xtec.cat\/ceipvistaalegre\/wp-json\/wp\/v2\/posts\/5188\/revisions\/5190"}],"wp:attachment":[{"href":"https:\/\/agora.xtec.cat\/ceipvistaalegre\/wp-json\/wp\/v2\/media?parent=5188"}],"wp:term":[{"taxonomy":"category","embeddable":true,"href":"https:\/\/agora.xtec.cat\/ceipvistaalegre\/wp-json\/wp\/v2\/categories?post=5188"},{"taxonomy":"post_tag","embeddable":true,"href":"https:\/\/agora.xtec.cat\/ceipvistaalegre\/wp-json\/wp\/v2\/tags?post=5188"}],"curies":[{"name":"wp","href":"https:\/\/api.w.org\/{rel}","templated":true}]}}