{"id":5181,"date":"2021-09-30T18:29:43","date_gmt":"2021-09-30T16:29:43","guid":{"rendered":"https:\/\/agora.xtec.cat\/ceipvistaalegre\/?p=5181"},"modified":"2021-09-30T18:29:43","modified_gmt":"2021-09-30T16:29:43","slug":"som-a-primer","status":"publish","type":"post","link":"https:\/\/agora.xtec.cat\/ceipvistaalegre\/primaria\/1r\/som-a-primer\/","title":{"rendered":"SOM A PRIMER!!!"},"content":{"rendered":"<p>HOLA DE NOU! QU\u00c9 TAL?<\/p>\n<p>DESPR\u00c9S DE LES VACANCES DE L&#8217;ESTIU TEN\u00cdEM MOLTES GANES DE TORNAR A L&#8217;ESCOLA, EXPLICAR QU\u00c8 HAV\u00cdEM FET, I RETROBAR-NOS.<\/p>\n<p>US MOSTREM ELS MURALS DE VACANCES I EL DE PRESENTACI\u00d3 QUE AQUESTS PRIMERS DIES HEM ANAT FENT A CLASSE.<\/p>\n<p>ESPEREM QUE US AGRADIN! \ud83d\ude00<\/p>\n<p><a href=\"https:\/\/drive.google.com\/file\/d\/1owmeH0zW7kI5HFkzT_xpm7y_7w3do2Jq\/view?usp=sharing\"><strong>FOTO VACANCES<\/strong><\/a><\/p>\n<p><a href=\"https:\/\/drive.google.com\/file\/d\/1DhAMQdWWIcKHZ9lHCX8e_9HRFwjZ6klz\/view?usp=sharing\"><strong>FOTO RETRATS<\/strong><\/a><\/p>\n<p style=\"text-align: right\">NENS I NENES DE PRIMER.<\/p>\n<p>&nbsp;<\/p>\n","protected":false},"excerpt":{"rendered":"<p>HOLA DE NOU! QU\u00c9 TAL?<br \/>\nDESPR\u00c9S DE LES VACANCES DE L&#8217;ESTIU TEN\u00cdEM MOLTES GANES DE TORNAR A L&#8217;ESCOLA, EXPLICAR QU\u00c8 HAV\u00cdEM FET, I RETROBAR-NOS.<br \/>\nUS MOSTREM ELS MURALS DE VACANCES I EL DE PRESENTACI\u00d3 QUE AQUESTS PRIMERS DIES HEM ANAT FENT A CLASSE.<br \/>\nESPEREM QUE US AGRADIN! \ud83d\ude00<br \/>\n<a&hellip;  <a href=\"https:\/\/agora.xtec.cat\/ceipvistaalegre\/primaria\/1r\/som-a-primer\/\" title=\"Read SOM A PRIMER!!!\">Llegeix m\u00e9s\u00bb<\/a><\/p>\n","protected":false},"author":9,"featured_media":0,"comment_status":"open","ping_status":"closed","sticky":false,"template":"","format":"standard","meta":{"_bbp_topic_count":0,"_bbp_reply_count":0,"_bbp_total_topic_count":0,"_bbp_total_reply_count":0,"_bbp_voice_count":0,"_bbp_anonymous_reply_count":0,"_bbp_topic_count_hidden":0,"_bbp_reply_count_hidden":0,"_bbp_forum_subforum_count":0,"footnotes":""},"categories":[10],"tags":[],"class_list":["post-5181","post","type-post","status-publish","format-standard","hentry","category-1r"],"post_mailing_queue_ids":[],"_links":{"self":[{"href":"https:\/\/agora.xtec.cat\/ceipvistaalegre\/wp-json\/wp\/v2\/posts\/5181","targetHints":{"allow":["GET"]}}],"collection":[{"href":"https:\/\/agora.xtec.cat\/ceipvistaalegre\/wp-json\/wp\/v2\/posts"}],"about":[{"href":"https:\/\/agora.xtec.cat\/ceipvistaalegre\/wp-json\/wp\/v2\/types\/post"}],"author":[{"embeddable":true,"href":"https:\/\/agora.xtec.cat\/ceipvistaalegre\/wp-json\/wp\/v2\/users\/9"}],"replies":[{"embeddable":true,"href":"https:\/\/agora.xtec.cat\/ceipvistaalegre\/wp-json\/wp\/v2\/comments?post=5181"}],"version-history":[{"count":1,"href":"https:\/\/agora.xtec.cat\/ceipvistaalegre\/wp-json\/wp\/v2\/posts\/5181\/revisions"}],"predecessor-version":[{"id":5182,"href":"https:\/\/agora.xtec.cat\/ceipvistaalegre\/wp-json\/wp\/v2\/posts\/5181\/revisions\/5182"}],"wp:attachment":[{"href":"https:\/\/agora.xtec.cat\/ceipvistaalegre\/wp-json\/wp\/v2\/media?parent=5181"}],"wp:term":[{"taxonomy":"category","embeddable":true,"href":"https:\/\/agora.xtec.cat\/ceipvistaalegre\/wp-json\/wp\/v2\/categories?post=5181"},{"taxonomy":"post_tag","embeddable":true,"href":"https:\/\/agora.xtec.cat\/ceipvistaalegre\/wp-json\/wp\/v2\/tags?post=5181"}],"curies":[{"name":"wp","href":"https:\/\/api.w.org\/{rel}","templated":true}]}}