{"id":5089,"date":"2021-06-29T13:46:32","date_gmt":"2021-06-29T11:46:32","guid":{"rendered":"https:\/\/agora.xtec.cat\/ceipvistaalegre\/?p=5089"},"modified":"2021-06-29T13:46:32","modified_gmt":"2021-06-29T11:46:32","slug":"tomaqueres-i-pebrots-verds","status":"publish","type":"post","link":"https:\/\/agora.xtec.cat\/ceipvistaalegre\/primaria\/4t\/tomaqueres-i-pebrots-verds\/","title":{"rendered":"TOMAQUERES I PEBROTS VERDS"},"content":{"rendered":"<p>Els i les alumnes de quart i de cinqu\u00e8 han vist com els seus planters de tom\u00e0quets i de pebrots\u00a0 han estat una mica dormilegues per cr\u00e9ixer. En aquest mes de juny han fet un creixement important, per\u00f2 no el suficient per poder collir-los.<\/p>\n<p>I qu\u00e8 podien fer si marxaven de vacances?\u00a0 Entre tots van pensar que el millor seria trasplantar els tom\u00e0quest i els pebrots en testos i portar-los a casa. I aix\u00ed ho van fer. En dues o tres setmanes podran posar a les seves amanides tom\u00e0quets xerri i pebrots verds.<\/p>\n<p>Cliqueu a la imatge i podreu veure les fotografies.<\/p>\n<p><a href=\"https:\/\/drive.google.com\/drive\/folders\/1OJIIhoc80CMylutNMKT9VAO8pAbuSLyR?usp=sharing\"><img loading=\"lazy\" decoding=\"async\" class=\"alignnone size-full wp-image-5091\" src=\"https:\/\/agora.xtec.cat\/ceipvistaalegre\/wp-content\/uploads\/usu1936\/2021\/06\/IMG-20210617-WA0004-1.jpg\" alt=\"\" width=\"448\" height=\"336\" \/><\/a><\/p>\n","protected":false},"excerpt":{"rendered":"<p>Els i les alumnes de quart i de cinqu\u00e8 han vist com els seus planters de tom\u00e0quets i de pebrots\u00a0 han estat una mica dormilegues per cr\u00e9ixer. En aquest mes de juny han fet un creixement important, per\u00f2 no el suficient per poder collir-los.<br \/>\nI qu\u00e8&hellip;  <a href=\"https:\/\/agora.xtec.cat\/ceipvistaalegre\/primaria\/4t\/tomaqueres-i-pebrots-verds\/\" title=\"Read TOMAQUERES I PEBROTS VERDS\">Llegeix m\u00e9s\u00bb<\/a><\/p>\n","protected":false},"author":15,"featured_media":0,"comment_status":"open","ping_status":"closed","sticky":false,"template":"","format":"standard","meta":{"_bbp_topic_count":0,"_bbp_reply_count":0,"_bbp_total_topic_count":0,"_bbp_total_reply_count":0,"_bbp_voice_count":0,"_bbp_anonymous_reply_count":0,"_bbp_topic_count_hidden":0,"_bbp_reply_count_hidden":0,"_bbp_forum_subforum_count":0,"footnotes":""},"categories":[13,14],"tags":[],"class_list":["post-5089","post","type-post","status-publish","format-standard","hentry","category-4t","category-5e"],"post_mailing_queue_ids":[],"_links":{"self":[{"href":"https:\/\/agora.xtec.cat\/ceipvistaalegre\/wp-json\/wp\/v2\/posts\/5089","targetHints":{"allow":["GET"]}}],"collection":[{"href":"https:\/\/agora.xtec.cat\/ceipvistaalegre\/wp-json\/wp\/v2\/posts"}],"about":[{"href":"https:\/\/agora.xtec.cat\/ceipvistaalegre\/wp-json\/wp\/v2\/types\/post"}],"author":[{"embeddable":true,"href":"https:\/\/agora.xtec.cat\/ceipvistaalegre\/wp-json\/wp\/v2\/users\/15"}],"replies":[{"embeddable":true,"href":"https:\/\/agora.xtec.cat\/ceipvistaalegre\/wp-json\/wp\/v2\/comments?post=5089"}],"version-history":[{"count":1,"href":"https:\/\/agora.xtec.cat\/ceipvistaalegre\/wp-json\/wp\/v2\/posts\/5089\/revisions"}],"predecessor-version":[{"id":5092,"href":"https:\/\/agora.xtec.cat\/ceipvistaalegre\/wp-json\/wp\/v2\/posts\/5089\/revisions\/5092"}],"wp:attachment":[{"href":"https:\/\/agora.xtec.cat\/ceipvistaalegre\/wp-json\/wp\/v2\/media?parent=5089"}],"wp:term":[{"taxonomy":"category","embeddable":true,"href":"https:\/\/agora.xtec.cat\/ceipvistaalegre\/wp-json\/wp\/v2\/categories?post=5089"},{"taxonomy":"post_tag","embeddable":true,"href":"https:\/\/agora.xtec.cat\/ceipvistaalegre\/wp-json\/wp\/v2\/tags?post=5089"}],"curies":[{"name":"wp","href":"https:\/\/api.w.org\/{rel}","templated":true}]}}