{"id":5029,"date":"2021-06-22T13:46:28","date_gmt":"2021-06-22T11:46:28","guid":{"rendered":"https:\/\/agora.xtec.cat\/ceipvistaalegre\/?p=5029"},"modified":"2021-06-22T13:46:28","modified_gmt":"2021-06-22T11:46:28","slug":"projecte-gegants-de-mataro","status":"publish","type":"post","link":"https:\/\/agora.xtec.cat\/ceipvistaalegre\/infantil\/infantil-4-anys\/projecte-gegants-de-mataro\/","title":{"rendered":"PROJECTE GEGANTS DE MATAR\u00d3"},"content":{"rendered":"<p>&nbsp;<\/p>\n<p>Els primers dies de comen\u00e7ar els curs, vam fer una conversa sobre quin nom voldr\u00edem per la classe. Els nens i les nenes van portar les seves propostes. Les van discutir i les van votar i finalment, entre tots i totes van triar ser els gegants de Matar\u00f3.<\/p>\n<p>A partir d\u2019aqu\u00ed van comen\u00e7ar a buscar informaci\u00f3 i a donar resposta a les preguntes que els nens i les nenes ten\u00eden sobre aquest tema.<\/p>\n<p>Ha estat un projecte molt interessant, molt participatiu i , sobretot, molt proper. Els nens i les nenes han gaudit pensant, buscant, preguntant, aprenent i interioritzant tots els aspectes que hem estudiat de la fam\u00edlia Robafaves i els nans.<\/p>\n<p>Gr\u00e0cies a tots i a totes per la vostra col\u00b7laboraci\u00f3.<\/p>\n<p>Us passo \u00a0un petit recull \u00a0de fotografies que \u00a0mostra algunes de les activitats del projecte realitzades al llarg de tot el curs.<\/p>\n<p>Cliqueu a sobre de la imatge i podreu veure les fotografies.<\/p>\n<p><a href=\"https:\/\/drive.google.com\/drive\/folders\/1GPW5eJV3Cohbeg6RLqmZ9UqrlLb7Duhe?usp=sharing\"><img loading=\"lazy\" decoding=\"async\" class=\"alignnone size-full wp-image-5048\" src=\"https:\/\/agora.xtec.cat\/ceipvistaalegre\/wp-content\/uploads\/usu1936\/2021\/06\/IMG20210512112427.jpg\" alt=\"\" width=\"448\" height=\"336\" \/><\/a><\/p>\n","protected":false},"excerpt":{"rendered":"<p>&nbsp;<br \/>\nEls primers dies de comen\u00e7ar els curs, vam fer una conversa sobre quin nom voldr\u00edem per la classe. Els nens i les nenes van portar les seves propostes. Les van discutir i les van votar i finalment, entre tots i totes van triar ser els&hellip;  <a href=\"https:\/\/agora.xtec.cat\/ceipvistaalegre\/infantil\/infantil-4-anys\/projecte-gegants-de-mataro\/\" title=\"Read PROJECTE GEGANTS DE MATAR\u00d3\">Llegeix m\u00e9s\u00bb<\/a><\/p>\n","protected":false},"author":15,"featured_media":0,"comment_status":"open","ping_status":"closed","sticky":false,"template":"","format":"standard","meta":{"_bbp_topic_count":0,"_bbp_reply_count":0,"_bbp_total_topic_count":0,"_bbp_total_reply_count":0,"_bbp_voice_count":0,"_bbp_anonymous_reply_count":0,"_bbp_topic_count_hidden":0,"_bbp_reply_count_hidden":0,"_bbp_forum_subforum_count":0,"footnotes":""},"categories":[8],"tags":[],"class_list":["post-5029","post","type-post","status-publish","format-standard","hentry","category-infantil-4-anys"],"post_mailing_queue_ids":[],"_links":{"self":[{"href":"https:\/\/agora.xtec.cat\/ceipvistaalegre\/wp-json\/wp\/v2\/posts\/5029","targetHints":{"allow":["GET"]}}],"collection":[{"href":"https:\/\/agora.xtec.cat\/ceipvistaalegre\/wp-json\/wp\/v2\/posts"}],"about":[{"href":"https:\/\/agora.xtec.cat\/ceipvistaalegre\/wp-json\/wp\/v2\/types\/post"}],"author":[{"embeddable":true,"href":"https:\/\/agora.xtec.cat\/ceipvistaalegre\/wp-json\/wp\/v2\/users\/15"}],"replies":[{"embeddable":true,"href":"https:\/\/agora.xtec.cat\/ceipvistaalegre\/wp-json\/wp\/v2\/comments?post=5029"}],"version-history":[{"count":3,"href":"https:\/\/agora.xtec.cat\/ceipvistaalegre\/wp-json\/wp\/v2\/posts\/5029\/revisions"}],"predecessor-version":[{"id":5053,"href":"https:\/\/agora.xtec.cat\/ceipvistaalegre\/wp-json\/wp\/v2\/posts\/5029\/revisions\/5053"}],"wp:attachment":[{"href":"https:\/\/agora.xtec.cat\/ceipvistaalegre\/wp-json\/wp\/v2\/media?parent=5029"}],"wp:term":[{"taxonomy":"category","embeddable":true,"href":"https:\/\/agora.xtec.cat\/ceipvistaalegre\/wp-json\/wp\/v2\/categories?post=5029"},{"taxonomy":"post_tag","embeddable":true,"href":"https:\/\/agora.xtec.cat\/ceipvistaalegre\/wp-json\/wp\/v2\/tags?post=5029"}],"curies":[{"name":"wp","href":"https:\/\/api.w.org\/{rel}","templated":true}]}}