{"id":4985,"date":"2021-06-13T20:33:52","date_gmt":"2021-06-13T18:33:52","guid":{"rendered":"https:\/\/agora.xtec.cat\/ceipvistaalegre\/?p=4985"},"modified":"2021-12-19T12:01:05","modified_gmt":"2021-12-19T11:01:05","slug":"projecte-el-nom-de-la-classe-els-dofins","status":"publish","type":"post","link":"https:\/\/agora.xtec.cat\/ceipvistaalegre\/infantil\/infantil-5-anys\/projecte-el-nom-de-la-classe-els-dofins\/","title":{"rendered":"Projecte el nom de la classe: els dofins."},"content":{"rendered":"<p>Aquest curs les nenes i els nens de P-5 han triat dir-se <em>&#8220;La classe dels Dofins&#8221;. <\/em>Un cop escollit el tema hem vist quines idees pr\u00e8vies tenia cada infant i que m\u00e9s voldr\u00edem esbrinar. Sempre partint dels seus interessos, cadascun\/una ha triat una pregunta, ha buscat informaci\u00f3 sobre ella\u00a0 amb la fam\u00edlia, ho ha recollit en un mural i ha fet una exposici\u00f3 a l&#8217;aula.<\/p>\n<p>A l&#8217;aula hem complementat la informaci\u00f3 que els infants ens han explicat amb la lectura de llibres, el visionat de v\u00eddeos, cerques a internet,\u00a0 la creaci\u00f3 de dofins&#8230;<\/p>\n<p>Hem apr\u00e8s moltes coses dels dofins per\u00f2 el m\u00e9s important \u00e9s que hem apr\u00e8s a aprendre: a buscar, a triar, a explicar, a representar tota la informaci\u00f3 sobre els dofins.<\/p>\n<p>Si voleu veure m\u00e9s fotos cliqueu la imatge.<\/p>\n<p><a href=\"https:\/\/drive.google.com\/drive\/folders\/1GzyHW8jse01ASpW_YNyxdOWnvqWka9UB?usp=sharing\" rel=\"attachment wp-att-4986\"><img loading=\"lazy\" decoding=\"async\" class=\"aligncenter wp-image-4986 size-large\" src=\"https:\/\/agora.xtec.cat\/ceipvistaalegre\/wp-content\/uploads\/usu1936\/2021\/06\/IMG_20210312_145843-1024x768.jpg\" alt=\"\" width=\"1024\" height=\"768\" \/><\/a><\/p>\n","protected":false},"excerpt":{"rendered":"<p>Aquest curs les nenes i els nens de P-5 han triat dir-se &#8220;La classe dels Dofins&#8221;. Un cop escollit el tema hem vist quines idees pr\u00e8vies tenia cada infant i que m\u00e9s voldr\u00edem esbrinar. Sempre partint dels seus interessos, cadascun\/una ha triat una pregunta, ha&hellip;  <a href=\"https:\/\/agora.xtec.cat\/ceipvistaalegre\/infantil\/infantil-5-anys\/projecte-el-nom-de-la-classe-els-dofins\/\" title=\"Read Projecte el nom de la classe: els dofins.\">Llegeix m\u00e9s\u00bb<\/a><\/p>\n","protected":false},"author":4,"featured_media":0,"comment_status":"open","ping_status":"closed","sticky":false,"template":"","format":"standard","meta":{"_bbp_topic_count":0,"_bbp_reply_count":0,"_bbp_total_topic_count":0,"_bbp_total_reply_count":0,"_bbp_voice_count":0,"_bbp_anonymous_reply_count":0,"_bbp_topic_count_hidden":0,"_bbp_reply_count_hidden":0,"_bbp_forum_subforum_count":0,"footnotes":""},"categories":[225],"tags":[121,217,216],"class_list":["post-4985","post","type-post","status-publish","format-standard","hentry","category-infantil-5-anys","tag-descoberta-entorn","tag-nom-de-la-classe","tag-projecte-el-dofi"],"post_mailing_queue_ids":[],"_links":{"self":[{"href":"https:\/\/agora.xtec.cat\/ceipvistaalegre\/wp-json\/wp\/v2\/posts\/4985","targetHints":{"allow":["GET"]}}],"collection":[{"href":"https:\/\/agora.xtec.cat\/ceipvistaalegre\/wp-json\/wp\/v2\/posts"}],"about":[{"href":"https:\/\/agora.xtec.cat\/ceipvistaalegre\/wp-json\/wp\/v2\/types\/post"}],"author":[{"embeddable":true,"href":"https:\/\/agora.xtec.cat\/ceipvistaalegre\/wp-json\/wp\/v2\/users\/4"}],"replies":[{"embeddable":true,"href":"https:\/\/agora.xtec.cat\/ceipvistaalegre\/wp-json\/wp\/v2\/comments?post=4985"}],"version-history":[{"count":3,"href":"https:\/\/agora.xtec.cat\/ceipvistaalegre\/wp-json\/wp\/v2\/posts\/4985\/revisions"}],"predecessor-version":[{"id":4989,"href":"https:\/\/agora.xtec.cat\/ceipvistaalegre\/wp-json\/wp\/v2\/posts\/4985\/revisions\/4989"}],"wp:attachment":[{"href":"https:\/\/agora.xtec.cat\/ceipvistaalegre\/wp-json\/wp\/v2\/media?parent=4985"}],"wp:term":[{"taxonomy":"category","embeddable":true,"href":"https:\/\/agora.xtec.cat\/ceipvistaalegre\/wp-json\/wp\/v2\/categories?post=4985"},{"taxonomy":"post_tag","embeddable":true,"href":"https:\/\/agora.xtec.cat\/ceipvistaalegre\/wp-json\/wp\/v2\/tags?post=4985"}],"curies":[{"name":"wp","href":"https:\/\/api.w.org\/{rel}","templated":true}]}}