{"id":4968,"date":"2021-06-04T18:55:36","date_gmt":"2021-06-04T16:55:36","guid":{"rendered":"https:\/\/agora.xtec.cat\/ceipvistaalegre\/?p=4968"},"modified":"2021-12-19T12:01:05","modified_gmt":"2021-12-19T11:01:05","slug":"sortida-al-parc-de-malgrat-3","status":"publish","type":"post","link":"https:\/\/agora.xtec.cat\/ceipvistaalegre\/infantil\/infantil-5-anys\/sortida-al-parc-de-malgrat-3\/","title":{"rendered":"Sortida al parc de Malgrat."},"content":{"rendered":"<p>Aquest dimecres 2 de juny els nens i les nenes de la classe dels Dofins han fet una sortida al Parc de Malgrat. Ha estat una sortida l\u00fadica molt bonica on tots i totes han pogut gaudir d&#8217;un immens espai per saltar i jugar, per\u00f2 el m\u00e9s important ha sigut poder compartir aquest dia amb els\/les companys\/es de la classe.<\/p>\n<p>Aquesta sortida ha estat una manera molt divertida d&#8217;anar acabant el curs abans no arribin les vacances d&#8217;estiu.<\/p>\n<p>Si voleu veure m\u00e9s fotos podeu clicar la imatge:<\/p>\n<p><a href=\"https:\/\/drive.google.com\/drive\/folders\/1Eg6gEr9ToRG2GQ7MkUwedhvPcRwv7-E3?usp=sharing\" rel=\"attachment wp-att-4970\"><img loading=\"lazy\" decoding=\"async\" class=\"aligncenter wp-image-4970 size-large\" src=\"https:\/\/agora.xtec.cat\/ceipvistaalegre\/wp-content\/uploads\/usu1936\/2021\/06\/20210602_124250_HDR-1024x768.jpg\" alt=\"\" width=\"1024\" height=\"768\" \/><\/a><\/p>\n","protected":false},"excerpt":{"rendered":"<p>Aquest dimecres 2 de juny els nens i les nenes de la classe dels Dofins han fet una sortida al Parc de Malgrat. Ha estat una sortida l\u00fadica molt bonica on tots i totes han pogut gaudir d&#8217;un immens espai per saltar i jugar, per\u00f2&hellip;  <a href=\"https:\/\/agora.xtec.cat\/ceipvistaalegre\/infantil\/infantil-5-anys\/sortida-al-parc-de-malgrat-3\/\" title=\"Read Sortida al parc de Malgrat.\">Llegeix m\u00e9s\u00bb<\/a><\/p>\n","protected":false},"author":4,"featured_media":0,"comment_status":"open","ping_status":"closed","sticky":false,"template":"","format":"standard","meta":{"_bbp_topic_count":0,"_bbp_reply_count":0,"_bbp_total_topic_count":0,"_bbp_total_reply_count":0,"_bbp_voice_count":0,"_bbp_anonymous_reply_count":0,"_bbp_topic_count_hidden":0,"_bbp_reply_count_hidden":0,"_bbp_forum_subforum_count":0,"footnotes":""},"categories":[225],"tags":[215,16],"class_list":["post-4968","post","type-post","status-publish","format-standard","hentry","category-infantil-5-anys","tag-excursio","tag-sortides"],"post_mailing_queue_ids":[],"_links":{"self":[{"href":"https:\/\/agora.xtec.cat\/ceipvistaalegre\/wp-json\/wp\/v2\/posts\/4968","targetHints":{"allow":["GET"]}}],"collection":[{"href":"https:\/\/agora.xtec.cat\/ceipvistaalegre\/wp-json\/wp\/v2\/posts"}],"about":[{"href":"https:\/\/agora.xtec.cat\/ceipvistaalegre\/wp-json\/wp\/v2\/types\/post"}],"author":[{"embeddable":true,"href":"https:\/\/agora.xtec.cat\/ceipvistaalegre\/wp-json\/wp\/v2\/users\/4"}],"replies":[{"embeddable":true,"href":"https:\/\/agora.xtec.cat\/ceipvistaalegre\/wp-json\/wp\/v2\/comments?post=4968"}],"version-history":[{"count":3,"href":"https:\/\/agora.xtec.cat\/ceipvistaalegre\/wp-json\/wp\/v2\/posts\/4968\/revisions"}],"predecessor-version":[{"id":4973,"href":"https:\/\/agora.xtec.cat\/ceipvistaalegre\/wp-json\/wp\/v2\/posts\/4968\/revisions\/4973"}],"wp:attachment":[{"href":"https:\/\/agora.xtec.cat\/ceipvistaalegre\/wp-json\/wp\/v2\/media?parent=4968"}],"wp:term":[{"taxonomy":"category","embeddable":true,"href":"https:\/\/agora.xtec.cat\/ceipvistaalegre\/wp-json\/wp\/v2\/categories?post=4968"},{"taxonomy":"post_tag","embeddable":true,"href":"https:\/\/agora.xtec.cat\/ceipvistaalegre\/wp-json\/wp\/v2\/tags?post=4968"}],"curies":[{"name":"wp","href":"https:\/\/api.w.org\/{rel}","templated":true}]}}