{"id":4964,"date":"2021-06-04T17:03:29","date_gmt":"2021-06-04T15:03:29","guid":{"rendered":"https:\/\/agora.xtec.cat\/ceipvistaalegre\/?p=4964"},"modified":"2021-06-04T17:03:29","modified_gmt":"2021-06-04T15:03:29","slug":"sortida-al-parc-de-malgrat-2","status":"publish","type":"post","link":"https:\/\/agora.xtec.cat\/ceipvistaalegre\/infantil\/sortida-al-parc-de-malgrat-2\/","title":{"rendered":"SORTIDA AL PARC DE MALGRAT"},"content":{"rendered":"<p>El dimecres dia 2 de juny els gegants i les gegantes de Matar\u00f3\u00a0 vam fer una sortida l\u00fadica al preci\u00f3s i divertit parc de Malgrat de Mar. Era la primera sortida que f\u00e8iem en autob\u00fas i de tot el dia. Ens ho vam passar superb\u00e9. Vam jugar en tots els espais i vam pujar en totes les \u00e0rees \u00a0de joc del parc. \u00a0Per\u00f2, sobretot, vam gaudir molt\u00edssim de la companyia dels companys i companyes de la classe.<\/p>\n<p>Va ser una manera molt maca i divertida de gaudir els uns dels altres abans de les vacances d\u2019estiu.\u00a0 Si voleu mirar les fotos cliqueu a sobre de la imatge<\/p>\n<p>.<a href=\"https:\/\/drive.google.com\/drive\/folders\/1t10x8--HUG2Vy7P_tGFLUs8fOuSldE3y?usp=sharing\"><img loading=\"lazy\" decoding=\"async\" class=\"wp-image-4965 aligncenter\" src=\"https:\/\/agora.xtec.cat\/ceipvistaalegre\/wp-content\/uploads\/usu1936\/2021\/06\/DSCN6951.jpg\" alt=\"\" width=\"345\" height=\"259\" \/><\/a><\/p>\n","protected":false},"excerpt":{"rendered":"<p>El dimecres dia 2 de juny els gegants i les gegantes de Matar\u00f3\u00a0 vam fer una sortida l\u00fadica al preci\u00f3s i divertit parc de Malgrat de Mar. Era la primera sortida que f\u00e8iem en autob\u00fas i de tot el dia. Ens ho vam passar superb\u00e9.&hellip;  <a href=\"https:\/\/agora.xtec.cat\/ceipvistaalegre\/infantil\/sortida-al-parc-de-malgrat-2\/\" title=\"Read SORTIDA AL PARC DE MALGRAT\">Llegeix m\u00e9s\u00bb<\/a><\/p>\n","protected":false},"author":15,"featured_media":0,"comment_status":"open","ping_status":"closed","sticky":false,"template":"","format":"standard","meta":{"_bbp_topic_count":0,"_bbp_reply_count":0,"_bbp_total_topic_count":0,"_bbp_total_reply_count":0,"_bbp_voice_count":0,"_bbp_anonymous_reply_count":0,"_bbp_topic_count_hidden":0,"_bbp_reply_count_hidden":0,"_bbp_forum_subforum_count":0,"footnotes":""},"categories":[8,2],"tags":[],"class_list":["post-4964","post","type-post","status-publish","format-standard","hentry","category-infantil-4-anys","category-infantil"],"post_mailing_queue_ids":[],"_links":{"self":[{"href":"https:\/\/agora.xtec.cat\/ceipvistaalegre\/wp-json\/wp\/v2\/posts\/4964","targetHints":{"allow":["GET"]}}],"collection":[{"href":"https:\/\/agora.xtec.cat\/ceipvistaalegre\/wp-json\/wp\/v2\/posts"}],"about":[{"href":"https:\/\/agora.xtec.cat\/ceipvistaalegre\/wp-json\/wp\/v2\/types\/post"}],"author":[{"embeddable":true,"href":"https:\/\/agora.xtec.cat\/ceipvistaalegre\/wp-json\/wp\/v2\/users\/15"}],"replies":[{"embeddable":true,"href":"https:\/\/agora.xtec.cat\/ceipvistaalegre\/wp-json\/wp\/v2\/comments?post=4964"}],"version-history":[{"count":2,"href":"https:\/\/agora.xtec.cat\/ceipvistaalegre\/wp-json\/wp\/v2\/posts\/4964\/revisions"}],"predecessor-version":[{"id":4967,"href":"https:\/\/agora.xtec.cat\/ceipvistaalegre\/wp-json\/wp\/v2\/posts\/4964\/revisions\/4967"}],"wp:attachment":[{"href":"https:\/\/agora.xtec.cat\/ceipvistaalegre\/wp-json\/wp\/v2\/media?parent=4964"}],"wp:term":[{"taxonomy":"category","embeddable":true,"href":"https:\/\/agora.xtec.cat\/ceipvistaalegre\/wp-json\/wp\/v2\/categories?post=4964"},{"taxonomy":"post_tag","embeddable":true,"href":"https:\/\/agora.xtec.cat\/ceipvistaalegre\/wp-json\/wp\/v2\/tags?post=4964"}],"curies":[{"name":"wp","href":"https:\/\/api.w.org\/{rel}","templated":true}]}}