{"id":4924,"date":"2021-05-30T23:42:21","date_gmt":"2021-05-30T21:42:21","guid":{"rendered":"https:\/\/agora.xtec.cat\/ceipvistaalegre\/?p=4924"},"modified":"2021-05-30T23:42:21","modified_gmt":"2021-05-30T21:42:21","slug":"globus-terraqui","status":"publish","type":"post","link":"https:\/\/agora.xtec.cat\/ceipvistaalegre\/primaria\/5e\/globus-terraqui\/","title":{"rendered":"GLOBUS TERRAQ\u00dcI"},"content":{"rendered":"<p>A l&#8217;\u00e0rea de medi natural i social, s&#8217;est\u00e0 estudiant l&#8217;univers i la terra, i durant aquesta setmana una de les activitats que hem fet ha estat observar el globus terraq\u00fci. Els hi agrada molt i a m\u00e9s a m\u00e9s com t\u00e9 llum encara estaven m\u00e9s motivats.<\/p>\n<p>Han pogut veure els hemisferis, l&#8217;equador, els pols, l&#8217;eix de rotaci\u00f3, localitzar pa\u00efsos&#8230;<\/p>\n<p><img loading=\"lazy\" decoding=\"async\" class=\"alignnone  wp-image-4925\" src=\"https:\/\/agora.xtec.cat\/ceipvistaalegre\/wp-content\/uploads\/usu1936\/2021\/05\/WhatsApp-Image-2021-05-30-at-22.58.01-1024x768.jpeg\" alt=\"\" width=\"334\" height=\"250\" \/>\u00a0\u00a0<img loading=\"lazy\" decoding=\"async\" class=\"alignnone  wp-image-4926\" src=\"https:\/\/agora.xtec.cat\/ceipvistaalegre\/wp-content\/uploads\/usu1936\/2021\/05\/WhatsApp-Image-2021-05-30-at-22.58.01-1-1024x768.jpeg\" alt=\"\" width=\"331\" height=\"249\" \/>\u00a0\u00a0<img loading=\"lazy\" decoding=\"async\" class=\"alignnone  wp-image-4927\" src=\"https:\/\/agora.xtec.cat\/ceipvistaalegre\/wp-content\/uploads\/usu1936\/2021\/05\/WhatsApp-Image-2021-05-30-at-22.58.01-2-1024x768.jpeg\" alt=\"\" width=\"328\" height=\"247\" \/>\u00a0\u00a0<img loading=\"lazy\" decoding=\"async\" class=\"alignnone  wp-image-4928\" src=\"https:\/\/agora.xtec.cat\/ceipvistaalegre\/wp-content\/uploads\/usu1936\/2021\/05\/WhatsApp-Image-2021-05-30-at-22.58.01-3-1024x768.jpeg\" alt=\"\" width=\"328\" height=\"247\" \/>\u00a0\u00a0<img loading=\"lazy\" decoding=\"async\" class=\"alignnone  wp-image-4929\" src=\"https:\/\/agora.xtec.cat\/ceipvistaalegre\/wp-content\/uploads\/usu1936\/2021\/05\/WhatsApp-Image-2021-05-30-at-22.58.02-1024x768.jpeg\" alt=\"\" width=\"352\" height=\"264\" \/> <a href=\"https:\/\/agora.xtec.cat\/ceipvistaalegre\/wp-content\/uploads\/usu1936\/2021\/05\/WhatsApp-Image-2021-05-30-at-22.58.03-1.jpeg\"><img loading=\"lazy\" decoding=\"async\" class=\"alignnone  wp-image-4932\" src=\"https:\/\/agora.xtec.cat\/ceipvistaalegre\/wp-content\/uploads\/usu1936\/2021\/05\/WhatsApp-Image-2021-05-30-at-22.58.03-1-1024x768.jpeg\" alt=\"\" width=\"354\" height=\"265\" \/><\/a>\u00a0 <img loading=\"lazy\" decoding=\"async\" class=\"alignnone  wp-image-4933\" src=\"https:\/\/agora.xtec.cat\/ceipvistaalegre\/wp-content\/uploads\/usu1936\/2021\/05\/WhatsApp-Image-2021-05-30-at-22.58.04-1024x768.jpeg\" alt=\"\" width=\"350\" height=\"262\" \/>\u00a0\u00a0<img loading=\"lazy\" decoding=\"async\" class=\"alignnone  wp-image-4934\" src=\"https:\/\/agora.xtec.cat\/ceipvistaalegre\/wp-content\/uploads\/usu1936\/2021\/05\/WhatsApp-Image-2021-05-30-at-22.58.06-1024x768.jpeg\" alt=\"\" width=\"337\" height=\"253\" \/><\/p>\n","protected":false},"excerpt":{"rendered":"<p>A l&#8217;\u00e0rea de medi natural i social, s&#8217;est\u00e0 estudiant l&#8217;univers i la terra, i durant aquesta setmana una de les activitats que hem fet ha estat observar el globus terraq\u00fci. Els hi agrada molt i a m\u00e9s a m\u00e9s com t\u00e9 llum encara estaven m\u00e9s&hellip;  <a href=\"https:\/\/agora.xtec.cat\/ceipvistaalegre\/primaria\/5e\/globus-terraqui\/\" title=\"Read GLOBUS TERRAQ\u00dcI\">Llegeix m\u00e9s\u00bb<\/a><\/p>\n","protected":false},"author":18,"featured_media":0,"comment_status":"open","ping_status":"closed","sticky":false,"template":"","format":"standard","meta":{"_bbp_topic_count":0,"_bbp_reply_count":0,"_bbp_total_topic_count":0,"_bbp_total_reply_count":0,"_bbp_voice_count":0,"_bbp_anonymous_reply_count":0,"_bbp_topic_count_hidden":0,"_bbp_reply_count_hidden":0,"_bbp_forum_subforum_count":0,"footnotes":""},"categories":[14],"tags":[],"class_list":["post-4924","post","type-post","status-publish","format-standard","hentry","category-5e"],"post_mailing_queue_ids":[],"_links":{"self":[{"href":"https:\/\/agora.xtec.cat\/ceipvistaalegre\/wp-json\/wp\/v2\/posts\/4924","targetHints":{"allow":["GET"]}}],"collection":[{"href":"https:\/\/agora.xtec.cat\/ceipvistaalegre\/wp-json\/wp\/v2\/posts"}],"about":[{"href":"https:\/\/agora.xtec.cat\/ceipvistaalegre\/wp-json\/wp\/v2\/types\/post"}],"author":[{"embeddable":true,"href":"https:\/\/agora.xtec.cat\/ceipvistaalegre\/wp-json\/wp\/v2\/users\/18"}],"replies":[{"embeddable":true,"href":"https:\/\/agora.xtec.cat\/ceipvistaalegre\/wp-json\/wp\/v2\/comments?post=4924"}],"version-history":[{"count":1,"href":"https:\/\/agora.xtec.cat\/ceipvistaalegre\/wp-json\/wp\/v2\/posts\/4924\/revisions"}],"predecessor-version":[{"id":4935,"href":"https:\/\/agora.xtec.cat\/ceipvistaalegre\/wp-json\/wp\/v2\/posts\/4924\/revisions\/4935"}],"wp:attachment":[{"href":"https:\/\/agora.xtec.cat\/ceipvistaalegre\/wp-json\/wp\/v2\/media?parent=4924"}],"wp:term":[{"taxonomy":"category","embeddable":true,"href":"https:\/\/agora.xtec.cat\/ceipvistaalegre\/wp-json\/wp\/v2\/categories?post=4924"},{"taxonomy":"post_tag","embeddable":true,"href":"https:\/\/agora.xtec.cat\/ceipvistaalegre\/wp-json\/wp\/v2\/tags?post=4924"}],"curies":[{"name":"wp","href":"https:\/\/api.w.org\/{rel}","templated":true}]}}