{"id":4898,"date":"2021-05-21T10:03:43","date_gmt":"2021-05-21T08:03:43","guid":{"rendered":"https:\/\/agora.xtec.cat\/ceipvistaalegre\/?p=4898"},"modified":"2021-05-21T10:06:18","modified_gmt":"2021-05-21T08:06:18","slug":"campionat-dawale","status":"publish","type":"post","link":"https:\/\/agora.xtec.cat\/ceipvistaalegre\/primaria\/6e\/campionat-dawale\/","title":{"rendered":"Campionat d&#8217;awal\u00e9"},"content":{"rendered":"<p>L&#8217;escola continua amb el projecte &#8220;Juguem a l&#8217;awal\u00e9&#8221;, que forma part del programa Maig Intercultural que organitza la nostra ciutat. Degut a la situaci\u00f3, aquest any no s&#8217;ha pogut realitzar la trobada entre diferents escoles de Matar\u00f3 per poder jugar tots i totes juntes a aquest joc afric\u00e0.<\/p>\n<p>Per\u00f2 com que res no ens atura, hem organitzat un campionat d&#8217;awal\u00e9 a l&#8217;escola! Despr\u00e9s de con\u00e8ixer les normes del joc i aprofitar els racons de matem\u00e0tiques per jugar, la setmana del 17 al 20 de maig, ha tingut lloc el <strong>I campionat d&#8217;awal\u00e9 de l&#8217;escola Vista Alegre.<\/strong><\/p>\n<p>Hem organitzat rondes classificat\u00f2ries, quarts de final, semifinals i la final. Ha sigut molt emocionant!<\/p>\n<p>Finalment, la N\u00faria s&#8217;ha proclamat com a guanyadora i en Siraj com a 2n finalista. Enhorabona a tots dos! I felicitats a la resta de la classe per la vostra implicaci\u00f3 i participaci\u00f3!<\/p>\n<p>Si cliqueu la imatge podreu veure la resta de fotos!<\/p>\n<p><a href=\"https:\/\/drive.google.com\/drive\/folders\/11Ydgo7iT174cadbBy8tQMJ4gzTbaRXgV?usp=sharing\"><img loading=\"lazy\" decoding=\"async\" class=\"size-large wp-image-4899 aligncenter\" src=\"https:\/\/agora.xtec.cat\/ceipvistaalegre\/wp-content\/uploads\/usu1936\/2021\/05\/Buena-1024x1024.jpg\" alt=\"\" width=\"1024\" height=\"1024\" \/><\/a><\/p>\n<p>&nbsp;<\/p>\n","protected":false},"excerpt":{"rendered":"<p>L&#8217;escola continua amb el projecte &#8220;Juguem a l&#8217;awal\u00e9&#8221;, que forma part del programa Maig Intercultural que organitza la nostra ciutat. Degut a la situaci\u00f3, aquest any no s&#8217;ha pogut realitzar la trobada entre diferents escoles de Matar\u00f3 per poder jugar tots i totes juntes a&hellip;  <a href=\"https:\/\/agora.xtec.cat\/ceipvistaalegre\/primaria\/6e\/campionat-dawale\/\" title=\"Read Campionat d&#8217;awal\u00e9\">Llegeix m\u00e9s\u00bb<\/a><\/p>\n","protected":false},"author":3,"featured_media":0,"comment_status":"open","ping_status":"closed","sticky":false,"template":"","format":"standard","meta":{"_bbp_topic_count":0,"_bbp_reply_count":0,"_bbp_total_topic_count":0,"_bbp_total_reply_count":0,"_bbp_voice_count":0,"_bbp_anonymous_reply_count":0,"_bbp_topic_count_hidden":0,"_bbp_reply_count_hidden":0,"_bbp_forum_subforum_count":0,"footnotes":""},"categories":[15],"tags":[],"class_list":["post-4898","post","type-post","status-publish","format-standard","hentry","category-6e"],"post_mailing_queue_ids":[],"_links":{"self":[{"href":"https:\/\/agora.xtec.cat\/ceipvistaalegre\/wp-json\/wp\/v2\/posts\/4898","targetHints":{"allow":["GET"]}}],"collection":[{"href":"https:\/\/agora.xtec.cat\/ceipvistaalegre\/wp-json\/wp\/v2\/posts"}],"about":[{"href":"https:\/\/agora.xtec.cat\/ceipvistaalegre\/wp-json\/wp\/v2\/types\/post"}],"author":[{"embeddable":true,"href":"https:\/\/agora.xtec.cat\/ceipvistaalegre\/wp-json\/wp\/v2\/users\/3"}],"replies":[{"embeddable":true,"href":"https:\/\/agora.xtec.cat\/ceipvistaalegre\/wp-json\/wp\/v2\/comments?post=4898"}],"version-history":[{"count":2,"href":"https:\/\/agora.xtec.cat\/ceipvistaalegre\/wp-json\/wp\/v2\/posts\/4898\/revisions"}],"predecessor-version":[{"id":4901,"href":"https:\/\/agora.xtec.cat\/ceipvistaalegre\/wp-json\/wp\/v2\/posts\/4898\/revisions\/4901"}],"wp:attachment":[{"href":"https:\/\/agora.xtec.cat\/ceipvistaalegre\/wp-json\/wp\/v2\/media?parent=4898"}],"wp:term":[{"taxonomy":"category","embeddable":true,"href":"https:\/\/agora.xtec.cat\/ceipvistaalegre\/wp-json\/wp\/v2\/categories?post=4898"},{"taxonomy":"post_tag","embeddable":true,"href":"https:\/\/agora.xtec.cat\/ceipvistaalegre\/wp-json\/wp\/v2\/tags?post=4898"}],"curies":[{"name":"wp","href":"https:\/\/api.w.org\/{rel}","templated":true}]}}