{"id":4863,"date":"2021-05-14T21:36:35","date_gmt":"2021-05-14T19:36:35","guid":{"rendered":"https:\/\/agora.xtec.cat\/ceipvistaalegre\/?p=4863"},"modified":"2021-12-19T12:01:05","modified_gmt":"2021-12-19T11:01:05","slug":"les-emocions","status":"publish","type":"post","link":"https:\/\/agora.xtec.cat\/ceipvistaalegre\/infantil\/infantil-5-anys\/les-emocions\/","title":{"rendered":"Les emocions."},"content":{"rendered":"<p>Les nenes i els nens de la classe dels Dofins estem treballant les emocions a partir del conte <strong><em>&#8220;El monstre de colors&#8221;<\/em><\/strong> de<em> l&#8217;Anna Llenas<\/em>. Hem vist el conte i cadascun\/na de nosaltres hem pensat quin color i quin monstre som a vegades i quin ens agradaria ser sempre. Tots i totes hem estat d&#8217;acord que l&#8217;AMOR, la CALMA i l&#8217;ALEGRIA s\u00f3n les emocions que ens fan sentir millor.<\/p>\n<p>Hem seguit jugant amb <em><strong>&#8220;El monstre de colors&#8221;\u00a0<\/strong><\/em> i les Bee-bots<strong style=\"font-style: italic;\">. <\/strong>Traiem de la bossa una tarja del monstre, diem quina emoci\u00f3 significa el seu color, l&#8217;identifiquem al panell i programen la seq\u00fc\u00e8ncia que haur\u00e0 de seguir el robot. Algunes targes tenen un codi QR on s&#8217;amaga una imatge que llegim amb l&#8217;Ipad. Hem d&#8217;explicar quines accions i actituds veiem a les fotos i relacionar-ho amb una emoci\u00f3.<\/p>\n<p>Si voleu veure m\u00e9s fotografies cliqueu la imatge.<\/p>\n<p><a href=\"https:\/\/drive.google.com\/drive\/folders\/1UETJLQslgzOJjqOuM--z0OVdD9BAof9D?usp=sharing\" rel=\"attachment wp-att-4865\"><img loading=\"lazy\" decoding=\"async\" class=\"aligncenter wp-image-4865 size-large\" src=\"https:\/\/agora.xtec.cat\/ceipvistaalegre\/wp-content\/uploads\/usu1936\/2021\/05\/IMG_20210507_092524-1024x768.jpg\" alt=\"\" width=\"1024\" height=\"768\" \/><\/a><\/p>\n<p>&nbsp;<\/p>\n<p>&nbsp;<\/p>\n","protected":false},"excerpt":{"rendered":"<p>Les nenes i els nens de la classe dels Dofins estem treballant les emocions a partir del conte &#8220;El monstre de colors&#8221; de l&#8217;Anna Llenas. Hem vist el conte i cadascun\/na de nosaltres hem pensat quin color i quin monstre som a vegades i quin&hellip;  <a href=\"https:\/\/agora.xtec.cat\/ceipvistaalegre\/infantil\/infantil-5-anys\/les-emocions\/\" title=\"Read Les emocions.\">Llegeix m\u00e9s\u00bb<\/a><\/p>\n","protected":false},"author":4,"featured_media":0,"comment_status":"open","ping_status":"closed","sticky":false,"template":"","format":"standard","meta":{"_bbp_topic_count":0,"_bbp_reply_count":0,"_bbp_total_topic_count":0,"_bbp_total_reply_count":0,"_bbp_voice_count":0,"_bbp_anonymous_reply_count":0,"_bbp_topic_count_hidden":0,"_bbp_reply_count_hidden":0,"_bbp_forum_subforum_count":0,"footnotes":""},"categories":[225],"tags":[173,213,212],"class_list":["post-4863","post","type-post","status-publish","format-standard","hentry","category-infantil-5-anys","tag-bee-bots","tag-codi-qr","tag-emocions"],"post_mailing_queue_ids":[],"_links":{"self":[{"href":"https:\/\/agora.xtec.cat\/ceipvistaalegre\/wp-json\/wp\/v2\/posts\/4863","targetHints":{"allow":["GET"]}}],"collection":[{"href":"https:\/\/agora.xtec.cat\/ceipvistaalegre\/wp-json\/wp\/v2\/posts"}],"about":[{"href":"https:\/\/agora.xtec.cat\/ceipvistaalegre\/wp-json\/wp\/v2\/types\/post"}],"author":[{"embeddable":true,"href":"https:\/\/agora.xtec.cat\/ceipvistaalegre\/wp-json\/wp\/v2\/users\/4"}],"replies":[{"embeddable":true,"href":"https:\/\/agora.xtec.cat\/ceipvistaalegre\/wp-json\/wp\/v2\/comments?post=4863"}],"version-history":[{"count":3,"href":"https:\/\/agora.xtec.cat\/ceipvistaalegre\/wp-json\/wp\/v2\/posts\/4863\/revisions"}],"predecessor-version":[{"id":4868,"href":"https:\/\/agora.xtec.cat\/ceipvistaalegre\/wp-json\/wp\/v2\/posts\/4863\/revisions\/4868"}],"wp:attachment":[{"href":"https:\/\/agora.xtec.cat\/ceipvistaalegre\/wp-json\/wp\/v2\/media?parent=4863"}],"wp:term":[{"taxonomy":"category","embeddable":true,"href":"https:\/\/agora.xtec.cat\/ceipvistaalegre\/wp-json\/wp\/v2\/categories?post=4863"},{"taxonomy":"post_tag","embeddable":true,"href":"https:\/\/agora.xtec.cat\/ceipvistaalegre\/wp-json\/wp\/v2\/tags?post=4863"}],"curies":[{"name":"wp","href":"https:\/\/api.w.org\/{rel}","templated":true}]}}