{"id":4841,"date":"2021-05-12T23:22:40","date_gmt":"2021-05-12T21:22:40","guid":{"rendered":"https:\/\/agora.xtec.cat\/ceipvistaalegre\/?p=4841"},"modified":"2021-05-12T23:22:54","modified_gmt":"2021-05-12T21:22:54","slug":"visita-den-quim","status":"publish","type":"post","link":"https:\/\/agora.xtec.cat\/ceipvistaalegre\/infantil\/infantil-4-anys\/visita-den-quim\/","title":{"rendered":"VISITA D&#8217;EN QUIM"},"content":{"rendered":"<p>El dilluns dia 10 de maig, vam tenir la visita d\u2019en Quim, exalumne de l\u2019escola.<\/p>\n<p>En Quim forma part de la colla del drac alegre i toca la gralla, el tambor i altres instruments.<\/p>\n<p>Ens va ensenyar la gralla i ens va explicar com era: les seves parts, de quin material est\u00e0 feta i com sona.<\/p>\n<p>Despr\u00e9s ens va tocar diferents can\u00e7ons que vam poder gaudir i ballar.<\/p>\n<p>Tamb\u00e9 ens va explicar qu\u00e8 era una batucada i els gegants i les gegantes vam poder tocar una mica el tambor.<\/p>\n<p>Va ser una tarda de m\u00fasica de gegants espectacular i molt divertida.<\/p>\n<p>Els gegants i les gegantes de Matar\u00f3 donem les gr\u00e0cies en Quim per haver-nos fet viure una tarda tan m\u00e0gica.<\/p>\n<p>Clica la paraula<a href=\"https:\/\/drive.google.com\/drive\/folders\/1ES-dINFqnvkzVY0Vwszq4Fndg0EfyRze?usp=sharing\"> GRALLA<\/a> per veure\u00a0 les fotos.<\/p>\n<p>&nbsp;<\/p>\n<p>&nbsp;<\/p>\n<p>&nbsp;<\/p>\n","protected":false},"excerpt":{"rendered":"<p>El dilluns dia 10 de maig, vam tenir la visita d\u2019en Quim, exalumne de l\u2019escola.<br \/>\nEn Quim forma part de la colla del drac alegre i toca la gralla, el tambor i altres instruments.<br \/>\nEns va ensenyar la gralla i ens va explicar com era: les seves&hellip;  <a href=\"https:\/\/agora.xtec.cat\/ceipvistaalegre\/infantil\/infantil-4-anys\/visita-den-quim\/\" title=\"Read VISITA D&#8217;EN QUIM\">Llegeix m\u00e9s\u00bb<\/a><\/p>\n","protected":false},"author":15,"featured_media":0,"comment_status":"open","ping_status":"closed","sticky":false,"template":"","format":"standard","meta":{"_bbp_topic_count":0,"_bbp_reply_count":0,"_bbp_total_topic_count":0,"_bbp_total_reply_count":0,"_bbp_voice_count":0,"_bbp_anonymous_reply_count":0,"_bbp_topic_count_hidden":0,"_bbp_reply_count_hidden":0,"_bbp_forum_subforum_count":0,"footnotes":""},"categories":[8],"tags":[],"class_list":["post-4841","post","type-post","status-publish","format-standard","hentry","category-infantil-4-anys"],"post_mailing_queue_ids":[],"_links":{"self":[{"href":"https:\/\/agora.xtec.cat\/ceipvistaalegre\/wp-json\/wp\/v2\/posts\/4841","targetHints":{"allow":["GET"]}}],"collection":[{"href":"https:\/\/agora.xtec.cat\/ceipvistaalegre\/wp-json\/wp\/v2\/posts"}],"about":[{"href":"https:\/\/agora.xtec.cat\/ceipvistaalegre\/wp-json\/wp\/v2\/types\/post"}],"author":[{"embeddable":true,"href":"https:\/\/agora.xtec.cat\/ceipvistaalegre\/wp-json\/wp\/v2\/users\/15"}],"replies":[{"embeddable":true,"href":"https:\/\/agora.xtec.cat\/ceipvistaalegre\/wp-json\/wp\/v2\/comments?post=4841"}],"version-history":[{"count":2,"href":"https:\/\/agora.xtec.cat\/ceipvistaalegre\/wp-json\/wp\/v2\/posts\/4841\/revisions"}],"predecessor-version":[{"id":4844,"href":"https:\/\/agora.xtec.cat\/ceipvistaalegre\/wp-json\/wp\/v2\/posts\/4841\/revisions\/4844"}],"wp:attachment":[{"href":"https:\/\/agora.xtec.cat\/ceipvistaalegre\/wp-json\/wp\/v2\/media?parent=4841"}],"wp:term":[{"taxonomy":"category","embeddable":true,"href":"https:\/\/agora.xtec.cat\/ceipvistaalegre\/wp-json\/wp\/v2\/categories?post=4841"},{"taxonomy":"post_tag","embeddable":true,"href":"https:\/\/agora.xtec.cat\/ceipvistaalegre\/wp-json\/wp\/v2\/tags?post=4841"}],"curies":[{"name":"wp","href":"https:\/\/api.w.org\/{rel}","templated":true}]}}