{"id":4830,"date":"2021-05-10T17:49:25","date_gmt":"2021-05-10T15:49:25","guid":{"rendered":"https:\/\/agora.xtec.cat\/ceipvistaalegre\/?p=4830"},"modified":"2021-05-12T19:33:06","modified_gmt":"2021-05-12T17:33:06","slug":"sortida-del-projecte-de-3r","status":"publish","type":"post","link":"https:\/\/agora.xtec.cat\/ceipvistaalegre\/primaria\/la-classe-dels-pirates\/sortida-del-projecte-de-3r\/","title":{"rendered":"Sortida del projecte de 3r"},"content":{"rendered":"<p>Els i les pirates hem fet una sortida per acabar el nostre projecte del nom de la classe.<\/p>\n<p>Hem pujat al Pailebot Santa Eul\u00e0lia, un vaixell de tres pal amb veles que es dedicava al transport de mercaderies, i ens hem fet una foto tots i totes col\u00b7locats a la banda estribor. Hem passejat per coberta i hem pogut fer-nos una foto davant del tim\u00f3. Des de dalt hem pogut mirar la bodega i veure les lliteres i tot i que el vaixell estava ancorat a port, es balancejava bastant. Quin mareig!<\/p>\n<p>Despr\u00e9s hem anat al Museu Mar\u00edtim i hem vist moltes embarcacions, per\u00f2 la que m\u00e9s ens ha agradat ha estat la Galera. Qu\u00e8 gran que \u00e9s! El museu es troba a les drassanes reials i \u00e9s all\u00e0 on es fabricaven les galeres i les reparaven.<\/p>\n<p>Tamb\u00e9 hem fet un taller per acabar d&#8217;aprendre moltes coses de la vida al mar. Ens hem agrupat de tres en tres i de quatre en quatre per treballar en un \u00e0mbit concret, investigar i poder respondre les preguntes del q\u00fcestionari. Aquests s\u00f3n els \u00e0mbits que hem investigat: \u00e0mbit del transport de mercaderies; \u00e0mbit del lleure, gaudir i estimar el mar; \u00e0mbit de transport de passatgers; \u00e0mbit dels perills al mar: pirates i corsaris; \u00e0mbit de transport de passatgers;<\/p>\n<p style=\"text-align: center;\">Clica a Museu i podr\u00e0s veure les fotos:<\/p>\n<p style=\"text-align: center;\"><a href=\"https:\/\/drive.google.com\/drive\/folders\/1WZkddwtCtpK00_b01Zd2R6PvDvm7mlqN?usp=sharing\">Museu<\/a><\/p>\n<p><a href=\"https:\/\/drive.google.com\/drive\/folders\/1WZkddwtCtpK00_b01Zd2R6PvDvm7mlqN?usp=sharing\"><img loading=\"lazy\" decoding=\"async\" class=\"wp-image-4831 aligncenter\" src=\"https:\/\/agora.xtec.cat\/ceipvistaalegre\/wp-content\/uploads\/usu1936\/2021\/05\/20210507_114007-1024x768.jpg\" alt=\"\" width=\"697\" height=\"523\" \/><\/a><\/p>\n","protected":false},"excerpt":{"rendered":"<p>Els i les pirates hem fet una sortida per acabar el nostre projecte del nom de la classe.<br \/>\nHem pujat al Pailebot Santa Eul\u00e0lia, un vaixell de tres pal amb veles que es dedicava al transport de mercaderies, i ens hem fet una foto tots i&hellip;  <a href=\"https:\/\/agora.xtec.cat\/ceipvistaalegre\/primaria\/la-classe-dels-pirates\/sortida-del-projecte-de-3r\/\" title=\"Read Sortida del projecte de 3r\">Llegeix m\u00e9s\u00bb<\/a><\/p>\n","protected":false},"author":7,"featured_media":0,"comment_status":"open","ping_status":"closed","sticky":false,"template":"","format":"standard","meta":{"_bbp_topic_count":0,"_bbp_reply_count":0,"_bbp_total_topic_count":0,"_bbp_total_reply_count":0,"_bbp_voice_count":0,"_bbp_anonymous_reply_count":0,"_bbp_topic_count_hidden":0,"_bbp_reply_count_hidden":0,"_bbp_forum_subforum_count":0,"footnotes":""},"categories":[12],"tags":[],"class_list":["post-4830","post","type-post","status-publish","format-standard","hentry","category-la-classe-dels-pirates"],"post_mailing_queue_ids":[],"_links":{"self":[{"href":"https:\/\/agora.xtec.cat\/ceipvistaalegre\/wp-json\/wp\/v2\/posts\/4830","targetHints":{"allow":["GET"]}}],"collection":[{"href":"https:\/\/agora.xtec.cat\/ceipvistaalegre\/wp-json\/wp\/v2\/posts"}],"about":[{"href":"https:\/\/agora.xtec.cat\/ceipvistaalegre\/wp-json\/wp\/v2\/types\/post"}],"author":[{"embeddable":true,"href":"https:\/\/agora.xtec.cat\/ceipvistaalegre\/wp-json\/wp\/v2\/users\/7"}],"replies":[{"embeddable":true,"href":"https:\/\/agora.xtec.cat\/ceipvistaalegre\/wp-json\/wp\/v2\/comments?post=4830"}],"version-history":[{"count":3,"href":"https:\/\/agora.xtec.cat\/ceipvistaalegre\/wp-json\/wp\/v2\/posts\/4830\/revisions"}],"predecessor-version":[{"id":4843,"href":"https:\/\/agora.xtec.cat\/ceipvistaalegre\/wp-json\/wp\/v2\/posts\/4830\/revisions\/4843"}],"wp:attachment":[{"href":"https:\/\/agora.xtec.cat\/ceipvistaalegre\/wp-json\/wp\/v2\/media?parent=4830"}],"wp:term":[{"taxonomy":"category","embeddable":true,"href":"https:\/\/agora.xtec.cat\/ceipvistaalegre\/wp-json\/wp\/v2\/categories?post=4830"},{"taxonomy":"post_tag","embeddable":true,"href":"https:\/\/agora.xtec.cat\/ceipvistaalegre\/wp-json\/wp\/v2\/tags?post=4830"}],"curies":[{"name":"wp","href":"https:\/\/api.w.org\/{rel}","templated":true}]}}