{"id":4821,"date":"2021-05-07T09:45:18","date_gmt":"2021-05-07T07:45:18","guid":{"rendered":"https:\/\/agora.xtec.cat\/ceipvistaalegre\/?p=4821"},"modified":"2021-05-07T09:45:26","modified_gmt":"2021-05-07T07:45:26","slug":"llistes-ordenades-preinscripcio-21-22","status":"publish","type":"post","link":"https:\/\/agora.xtec.cat\/ceipvistaalegre\/general\/llistes-ordenades-preinscripcio-21-22\/","title":{"rendered":"Llistes ordenades preinscripci\u00f3 21\/22"},"content":{"rendered":"<p><a href=\"https:\/\/agora.xtec.cat\/ceipvistaalegre\/wp-content\/uploads\/usu1936\/2021\/05\/Llistes-ordenades.jpg\"><img loading=\"lazy\" decoding=\"async\" class=\"wp-image-4822 aligncenter\" src=\"https:\/\/agora.xtec.cat\/ceipvistaalegre\/wp-content\/uploads\/usu1936\/2021\/05\/Llistes-ordenades-796x1024.jpg\" alt=\"\" width=\"362\" height=\"466\" \/><\/a><\/p>\n<p style=\"text-align: center;\"><a href=\"https:\/\/agora.xtec.cat\/ceipvistaalegre\/wp-content\/uploads\/usu1936\/2021\/05\/Llistes-ordenades.pdf\">LLISTES ORDENADES PREINSCRIPCI\u00d3 21\/21<\/a><\/p>\n<p style=\"text-align: center;\">Ja podeu consultar la llista ordenada corresponent a la sol\u00b7licitud dels ensenyaments d&#8217;educaci\u00f3 infantil i educaci\u00f3 prim\u00e0ria per al curs 21\/22<\/p>\n","protected":false},"excerpt":{"rendered":"<p><a href=\"https:\/\/agora.xtec.cat\/ceipvistaalegre\/wp-content\/uploads\/usu1936\/2021\/05\/Llistes-ordenades.jpg\"><\/a><br \/>\n<a href=\"https:\/\/agora.xtec.cat\/ceipvistaalegre\/wp-content\/uploads\/usu1936\/2021\/05\/Llistes-ordenades.pdf\">LLISTES ORDENADES PREINSCRIPCI\u00d3 21\/21<\/a><br \/>\nJa podeu consultar la llista ordenada corresponent a la sol\u00b7licitud dels ensenyaments d&#8217;educaci\u00f3 infantil i educaci\u00f3 prim\u00e0ria per al curs 21\/22<\/p>\n","protected":false},"author":3,"featured_media":0,"comment_status":"open","ping_status":"closed","sticky":false,"template":"","format":"standard","meta":{"_bbp_topic_count":0,"_bbp_reply_count":0,"_bbp_total_topic_count":0,"_bbp_total_reply_count":0,"_bbp_voice_count":0,"_bbp_anonymous_reply_count":0,"_bbp_topic_count_hidden":0,"_bbp_reply_count_hidden":0,"_bbp_forum_subforum_count":0,"footnotes":""},"categories":[1,4,179],"tags":[],"class_list":["post-4821","post","type-post","status-publish","format-standard","hentry","category-general","category-portada","category-preinscripcio-i-matricula-23-24"],"post_mailing_queue_ids":[],"_links":{"self":[{"href":"https:\/\/agora.xtec.cat\/ceipvistaalegre\/wp-json\/wp\/v2\/posts\/4821","targetHints":{"allow":["GET"]}}],"collection":[{"href":"https:\/\/agora.xtec.cat\/ceipvistaalegre\/wp-json\/wp\/v2\/posts"}],"about":[{"href":"https:\/\/agora.xtec.cat\/ceipvistaalegre\/wp-json\/wp\/v2\/types\/post"}],"author":[{"embeddable":true,"href":"https:\/\/agora.xtec.cat\/ceipvistaalegre\/wp-json\/wp\/v2\/users\/3"}],"replies":[{"embeddable":true,"href":"https:\/\/agora.xtec.cat\/ceipvistaalegre\/wp-json\/wp\/v2\/comments?post=4821"}],"version-history":[{"count":1,"href":"https:\/\/agora.xtec.cat\/ceipvistaalegre\/wp-json\/wp\/v2\/posts\/4821\/revisions"}],"predecessor-version":[{"id":4824,"href":"https:\/\/agora.xtec.cat\/ceipvistaalegre\/wp-json\/wp\/v2\/posts\/4821\/revisions\/4824"}],"wp:attachment":[{"href":"https:\/\/agora.xtec.cat\/ceipvistaalegre\/wp-json\/wp\/v2\/media?parent=4821"}],"wp:term":[{"taxonomy":"category","embeddable":true,"href":"https:\/\/agora.xtec.cat\/ceipvistaalegre\/wp-json\/wp\/v2\/categories?post=4821"},{"taxonomy":"post_tag","embeddable":true,"href":"https:\/\/agora.xtec.cat\/ceipvistaalegre\/wp-json\/wp\/v2\/tags?post=4821"}],"curies":[{"name":"wp","href":"https:\/\/api.w.org\/{rel}","templated":true}]}}