{"id":4818,"date":"2021-05-05T12:43:27","date_gmt":"2021-05-05T10:43:27","guid":{"rendered":"https:\/\/agora.xtec.cat\/ceipvistaalegre\/?p=4818"},"modified":"2021-05-05T12:43:35","modified_gmt":"2021-05-05T10:43:35","slug":"numero-de-desempat-per-a-la-preinscripcio-escolar-21-22","status":"publish","type":"post","link":"https:\/\/agora.xtec.cat\/ceipvistaalegre\/portada\/numero-de-desempat-per-a-la-preinscripcio-escolar-21-22\/","title":{"rendered":"N\u00famero de desempat per a la preinscripci\u00f3 escolar 21\/22"},"content":{"rendered":"<div class=\"pd-top-5\">\n<h2 class=\"post-title\">El 69.448, n\u00famero de desempat per a la preinscripci\u00f3 escolar 21-22<\/h2>\n<\/div>\n<h4 class=\"post-subtitle\">Aquest n\u00famero serveix per ordenar les sol\u00b7licituds d&#8217;Educaci\u00f3 Infantil i Prim\u00e0ria i en els casos d&#8217;empat de punts<\/h4>\n<p>El\u00a0<strong>69.448 \u00e9s el n\u00famero de desempat per a la preinscripci\u00f3 escolar 21-22<\/strong>, un n\u00famero escolllit aleat\u00f2riament al departament d\u2019Educaci\u00f3. Serveix per<strong>\u00a0ordenar les sol\u00b7licituds per obtenir una pla\u00e7a d\u2019educaci\u00f3 infantil de segon cicle i prim\u00e0ria per al curs escolar 2021-22<\/strong>. Un cop ordenades les puntuacions, la llista amb les assignacions es publicar\u00e0\u00a0<strong>aquest divendres, 7 de maig.<\/strong><\/p>\n<h2>El 40.900, el n\u00famero de desempat d\u2019ESO<\/h2>\n<p>En el cas de la\u00a0<strong>preinscripci\u00f3 per als alumnes de secund\u00e0ria hi ha un altre n\u00famero de desempat.<\/strong> En aquest cas, servir\u00e0 per ordenar les <strong>les sol\u00b7licituds per als alumnes que comencen l\u2019ESO a l\u2019institut.<\/strong><\/p>\n<p><a href=\"https:\/\/agora.xtec.cat\/ceipvistaalegre\/wp-content\/uploads\/usu1936\/2021\/05\/foto-bases-ok-e1573115643187.png\"><img loading=\"lazy\" decoding=\"async\" class=\"wp-image-4819 aligncenter\" src=\"https:\/\/agora.xtec.cat\/ceipvistaalegre\/wp-content\/uploads\/usu1936\/2021\/05\/foto-bases-ok-e1573115643187.png\" alt=\"\" width=\"266\" height=\"228\" \/><\/a><\/p>\n","protected":false},"excerpt":{"rendered":"<p>El 69.448, n\u00famero de desempat per a la preinscripci\u00f3 escolar 21-22<\/p>\n<p>Aquest n\u00famero serveix per ordenar les sol\u00b7licituds d&#8217;Educaci\u00f3 Infantil i Prim\u00e0ria i en els casos d&#8217;empat de punts<br \/>\nEl\u00a069.448 \u00e9s el n\u00famero de desempat per a la preinscripci\u00f3 escolar 21-22, un n\u00famero escolllit aleat\u00f2riament al departament&hellip;  <a href=\"https:\/\/agora.xtec.cat\/ceipvistaalegre\/portada\/numero-de-desempat-per-a-la-preinscripcio-escolar-21-22\/\" title=\"Read N\u00famero de desempat per a la preinscripci\u00f3 escolar 21\/22\">Llegeix m\u00e9s\u00bb<\/a><\/p>\n","protected":false},"author":3,"featured_media":0,"comment_status":"open","ping_status":"closed","sticky":false,"template":"","format":"standard","meta":{"_bbp_topic_count":0,"_bbp_reply_count":0,"_bbp_total_topic_count":0,"_bbp_total_reply_count":0,"_bbp_voice_count":0,"_bbp_anonymous_reply_count":0,"_bbp_topic_count_hidden":0,"_bbp_reply_count_hidden":0,"_bbp_forum_subforum_count":0,"footnotes":""},"categories":[4,179],"tags":[],"class_list":["post-4818","post","type-post","status-publish","format-standard","hentry","category-portada","category-preinscripcio-i-matricula-23-24"],"post_mailing_queue_ids":[],"_links":{"self":[{"href":"https:\/\/agora.xtec.cat\/ceipvistaalegre\/wp-json\/wp\/v2\/posts\/4818","targetHints":{"allow":["GET"]}}],"collection":[{"href":"https:\/\/agora.xtec.cat\/ceipvistaalegre\/wp-json\/wp\/v2\/posts"}],"about":[{"href":"https:\/\/agora.xtec.cat\/ceipvistaalegre\/wp-json\/wp\/v2\/types\/post"}],"author":[{"embeddable":true,"href":"https:\/\/agora.xtec.cat\/ceipvistaalegre\/wp-json\/wp\/v2\/users\/3"}],"replies":[{"embeddable":true,"href":"https:\/\/agora.xtec.cat\/ceipvistaalegre\/wp-json\/wp\/v2\/comments?post=4818"}],"version-history":[{"count":1,"href":"https:\/\/agora.xtec.cat\/ceipvistaalegre\/wp-json\/wp\/v2\/posts\/4818\/revisions"}],"predecessor-version":[{"id":4820,"href":"https:\/\/agora.xtec.cat\/ceipvistaalegre\/wp-json\/wp\/v2\/posts\/4818\/revisions\/4820"}],"wp:attachment":[{"href":"https:\/\/agora.xtec.cat\/ceipvistaalegre\/wp-json\/wp\/v2\/media?parent=4818"}],"wp:term":[{"taxonomy":"category","embeddable":true,"href":"https:\/\/agora.xtec.cat\/ceipvistaalegre\/wp-json\/wp\/v2\/categories?post=4818"},{"taxonomy":"post_tag","embeddable":true,"href":"https:\/\/agora.xtec.cat\/ceipvistaalegre\/wp-json\/wp\/v2\/tags?post=4818"}],"curies":[{"name":"wp","href":"https:\/\/api.w.org\/{rel}","templated":true}]}}