{"id":4815,"date":"2021-05-05T12:28:54","date_gmt":"2021-05-05T10:28:54","guid":{"rendered":"https:\/\/agora.xtec.cat\/ceipvistaalegre\/?p=4815"},"modified":"2021-05-05T12:30:54","modified_gmt":"2021-05-05T10:30:54","slug":"les-nostres-colonies","status":"publish","type":"post","link":"https:\/\/agora.xtec.cat\/ceipvistaalegre\/primaria\/6e\/les-nostres-colonies\/","title":{"rendered":"Les nostres col\u00f2nies"},"content":{"rendered":"<p>Els nens i nenes de 6\u00e8 hem estat tres dies de col\u00f2nies a Cal Riera, a Puig-Reig.<\/p>\n<p>Tot i la inestabilitat del temps, hem pogut gaudir de la natura, fer diferents activitats, aprendre a jugar a l&#8217;aual\u00e9&#8230; S\u00f3n les nostres \u00faltimes col\u00f2nies a l&#8217;escola i \u00e9s per aix\u00f2 que hem compartit molts moments i sobretot, ens ho hem passat molt b\u00e9!<\/p>\n<p>Si voleu fer una ullada a les nostres fotos, podeu clicar la imatge!<\/p>\n<p><a href=\"https:\/\/drive.google.com\/drive\/folders\/19Ol5oprjCl_sWR7dVEIfYXd9mz2p3rwX?usp=sharing\"><img loading=\"lazy\" decoding=\"async\" class=\" wp-image-4816 aligncenter\" src=\"https:\/\/agora.xtec.cat\/ceipvistaalegre\/wp-content\/uploads\/usu1936\/2021\/05\/Foto-6\u00e8-ok-1024x768.jpg\" alt=\"\" width=\"688\" height=\"516\" \/><\/a><\/p>\n","protected":false},"excerpt":{"rendered":"<p>Els nens i nenes de 6\u00e8 hem estat tres dies de col\u00f2nies a Cal Riera, a Puig-Reig.<br \/>\nTot i la inestabilitat del temps, hem pogut gaudir de la natura, fer diferents activitats, aprendre a jugar a l&#8217;aual\u00e9&#8230; S\u00f3n les nostres \u00faltimes col\u00f2nies a l&#8217;escola i \u00e9s&hellip;  <a href=\"https:\/\/agora.xtec.cat\/ceipvistaalegre\/primaria\/6e\/les-nostres-colonies\/\" title=\"Read Les nostres col\u00f2nies\">Llegeix m\u00e9s\u00bb<\/a><\/p>\n","protected":false},"author":3,"featured_media":0,"comment_status":"open","ping_status":"closed","sticky":false,"template":"","format":"standard","meta":{"_bbp_topic_count":0,"_bbp_reply_count":0,"_bbp_total_topic_count":0,"_bbp_total_reply_count":0,"_bbp_voice_count":0,"_bbp_anonymous_reply_count":0,"_bbp_topic_count_hidden":0,"_bbp_reply_count_hidden":0,"_bbp_forum_subforum_count":0,"footnotes":""},"categories":[15],"tags":[],"class_list":["post-4815","post","type-post","status-publish","format-standard","hentry","category-6e"],"post_mailing_queue_ids":[],"_links":{"self":[{"href":"https:\/\/agora.xtec.cat\/ceipvistaalegre\/wp-json\/wp\/v2\/posts\/4815","targetHints":{"allow":["GET"]}}],"collection":[{"href":"https:\/\/agora.xtec.cat\/ceipvistaalegre\/wp-json\/wp\/v2\/posts"}],"about":[{"href":"https:\/\/agora.xtec.cat\/ceipvistaalegre\/wp-json\/wp\/v2\/types\/post"}],"author":[{"embeddable":true,"href":"https:\/\/agora.xtec.cat\/ceipvistaalegre\/wp-json\/wp\/v2\/users\/3"}],"replies":[{"embeddable":true,"href":"https:\/\/agora.xtec.cat\/ceipvistaalegre\/wp-json\/wp\/v2\/comments?post=4815"}],"version-history":[{"count":1,"href":"https:\/\/agora.xtec.cat\/ceipvistaalegre\/wp-json\/wp\/v2\/posts\/4815\/revisions"}],"predecessor-version":[{"id":4817,"href":"https:\/\/agora.xtec.cat\/ceipvistaalegre\/wp-json\/wp\/v2\/posts\/4815\/revisions\/4817"}],"wp:attachment":[{"href":"https:\/\/agora.xtec.cat\/ceipvistaalegre\/wp-json\/wp\/v2\/media?parent=4815"}],"wp:term":[{"taxonomy":"category","embeddable":true,"href":"https:\/\/agora.xtec.cat\/ceipvistaalegre\/wp-json\/wp\/v2\/categories?post=4815"},{"taxonomy":"post_tag","embeddable":true,"href":"https:\/\/agora.xtec.cat\/ceipvistaalegre\/wp-json\/wp\/v2\/tags?post=4815"}],"curies":[{"name":"wp","href":"https:\/\/api.w.org\/{rel}","templated":true}]}}