{"id":4811,"date":"2021-05-05T12:30:56","date_gmt":"2021-05-05T10:30:56","guid":{"rendered":"https:\/\/agora.xtec.cat\/ceipvistaalegre\/?p=4811"},"modified":"2021-12-19T12:01:05","modified_gmt":"2021-12-19T11:01:05","slug":"mesurem","status":"publish","type":"post","link":"https:\/\/agora.xtec.cat\/ceipvistaalegre\/infantil\/infantil-5-anys\/mesurem\/","title":{"rendered":"Mesurem."},"content":{"rendered":"<p>Les nenes i els nens de la classe dels Dofins hem estat mesurant objectes de l&#8217;aula.<\/p>\n<p>Hem portat diferents metres per mesurar: de modista, de fuster, de pintor&#8230; Hem vist com eren, quina llargada tenien&#8230;<\/p>\n<p>Despr\u00e9s, per parelles, hem anat mesurant per l&#8217;aula i ho hem anotat en una fitxa. Ens hem fixat si hav\u00edem de posar cent\u00edmetres o metres. A vegades hem necessitat ajuntar dos metres per poder mesurar un objecte molt llarg.<\/p>\n<p>Cliqueu la imatge per veure m\u00e9s fotografies.<\/p>\n<p><a href=\"https:\/\/drive.google.com\/drive\/folders\/1d7oqnxrUVg1kOCcm8rBhNISIkg-JUSEe?usp=sharing\" rel=\"attachment wp-att-4813\"><img loading=\"lazy\" decoding=\"async\" class=\"aligncenter wp-image-4813 size-large\" src=\"https:\/\/agora.xtec.cat\/ceipvistaalegre\/wp-content\/uploads\/usu1936\/2021\/05\/IMG_20210429_1019491-1024x768.jpg\" alt=\"\" width=\"1024\" height=\"768\" \/><\/a><\/p>\n<p>&nbsp;<\/p>\n","protected":false},"excerpt":{"rendered":"<p>Les nenes i els nens de la classe dels Dofins hem estat mesurant objectes de l&#8217;aula.<br \/>\nHem portat diferents metres per mesurar: de modista, de fuster, de pintor&#8230; Hem vist com eren, quina llargada tenien&#8230;<br \/>\nDespr\u00e9s, per parelles, hem anat mesurant per l&#8217;aula i ho hem anotat&hellip;  <a href=\"https:\/\/agora.xtec.cat\/ceipvistaalegre\/infantil\/infantil-5-anys\/mesurem\/\" title=\"Read Mesurem.\">Llegeix m\u00e9s\u00bb<\/a><\/p>\n","protected":false},"author":4,"featured_media":0,"comment_status":"open","ping_status":"closed","sticky":false,"template":"","format":"standard","meta":{"_bbp_topic_count":0,"_bbp_reply_count":0,"_bbp_total_topic_count":0,"_bbp_total_reply_count":0,"_bbp_voice_count":0,"_bbp_anonymous_reply_count":0,"_bbp_topic_count_hidden":0,"_bbp_reply_count_hidden":0,"_bbp_forum_subforum_count":0,"footnotes":""},"categories":[225],"tags":[200,153],"class_list":["post-4811","post","type-post","status-publish","format-standard","hentry","category-infantil-5-anys","tag-mesura","tag-numeracio"],"post_mailing_queue_ids":[],"_links":{"self":[{"href":"https:\/\/agora.xtec.cat\/ceipvistaalegre\/wp-json\/wp\/v2\/posts\/4811","targetHints":{"allow":["GET"]}}],"collection":[{"href":"https:\/\/agora.xtec.cat\/ceipvistaalegre\/wp-json\/wp\/v2\/posts"}],"about":[{"href":"https:\/\/agora.xtec.cat\/ceipvistaalegre\/wp-json\/wp\/v2\/types\/post"}],"author":[{"embeddable":true,"href":"https:\/\/agora.xtec.cat\/ceipvistaalegre\/wp-json\/wp\/v2\/users\/4"}],"replies":[{"embeddable":true,"href":"https:\/\/agora.xtec.cat\/ceipvistaalegre\/wp-json\/wp\/v2\/comments?post=4811"}],"version-history":[{"count":2,"href":"https:\/\/agora.xtec.cat\/ceipvistaalegre\/wp-json\/wp\/v2\/posts\/4811\/revisions"}],"predecessor-version":[{"id":4814,"href":"https:\/\/agora.xtec.cat\/ceipvistaalegre\/wp-json\/wp\/v2\/posts\/4811\/revisions\/4814"}],"wp:attachment":[{"href":"https:\/\/agora.xtec.cat\/ceipvistaalegre\/wp-json\/wp\/v2\/media?parent=4811"}],"wp:term":[{"taxonomy":"category","embeddable":true,"href":"https:\/\/agora.xtec.cat\/ceipvistaalegre\/wp-json\/wp\/v2\/categories?post=4811"},{"taxonomy":"post_tag","embeddable":true,"href":"https:\/\/agora.xtec.cat\/ceipvistaalegre\/wp-json\/wp\/v2\/tags?post=4811"}],"curies":[{"name":"wp","href":"https:\/\/api.w.org\/{rel}","templated":true}]}}