{"id":4776,"date":"2021-04-28T20:30:20","date_gmt":"2021-04-28T18:30:20","guid":{"rendered":"https:\/\/agora.xtec.cat\/ceipvistaalegre\/?p=4776"},"modified":"2021-04-30T19:49:20","modified_gmt":"2021-04-30T17:49:20","slug":"de-mataro-a-toquio-2","status":"publish","type":"post","link":"https:\/\/agora.xtec.cat\/ceipvistaalegre\/primaria\/4t\/de-mataro-a-toquio-2\/","title":{"rendered":"De Matar\u00f3 a T\u00f2quio a 4t"},"content":{"rendered":"<p>&nbsp;<\/p>\n<p style=\"text-align: center;\"><a href=\"https:\/\/agora.xtec.cat\/ceipvistaalegre\/wp-content\/uploads\/usu1936\/2021\/04\/nova.jpg\"><img loading=\"lazy\" decoding=\"async\" class=\"alignnone size-full wp-image-4778\" src=\"https:\/\/agora.xtec.cat\/ceipvistaalegre\/wp-content\/uploads\/usu1936\/2021\/04\/nova.jpg\" alt=\"\" width=\"400\" height=\"300\" \/><\/a><\/p>\n<p>Els alumnes de 4t hem aportat 37 km a la cursa cooperativa de Matar\u00f3 a T\u00f2quio. Ha sigut molt cansat, sobretot pujar les escales fins el parc per\u00f2 ha valgut la pena. A l&#8217;estiu volem veure la Laia a T\u00f2quio!<\/p>\n<p><a href=\"https:\/\/drive.google.com\/drive\/folders\/14CzPfcp5khLBiB7pr7WpO-UrKjVJSxwU\">FOTOS 4T &#8220;DE MATAR\u00d3 A T\u00d2QUIO&#8221;<\/a><\/p>\n","protected":false},"excerpt":{"rendered":"<p>&nbsp;<br \/>\n<a href=\"https:\/\/agora.xtec.cat\/ceipvistaalegre\/wp-content\/uploads\/usu1936\/2021\/04\/nova.jpg\"><\/a><br \/>\nEls alumnes de 4t hem aportat 37 km a la cursa cooperativa de Matar\u00f3 a T\u00f2quio. Ha sigut molt cansat, sobretot pujar les escales fins el parc per\u00f2 ha valgut la pena. A l&#8217;estiu volem veure la Laia a T\u00f2quio!<br \/>\n<a href=\"https:\/\/drive.google.com\/drive\/folders\/14CzPfcp5khLBiB7pr7WpO-UrKjVJSxwU\">FOTOS 4T &#8220;DE MATAR\u00d3&hellip;  <a href=\"https:\/\/agora.xtec.cat\/ceipvistaalegre\/primaria\/4t\/de-mataro-a-toquio-2\/\" title=\"Read De Matar\u00f3 a T\u00f2quio a 4t\">Llegeix m\u00e9s\u00bb<\/a><\/p>\n","protected":false},"author":5,"featured_media":0,"comment_status":"open","ping_status":"closed","sticky":false,"template":"","format":"standard","meta":{"_bbp_topic_count":0,"_bbp_reply_count":0,"_bbp_total_topic_count":0,"_bbp_total_reply_count":0,"_bbp_voice_count":0,"_bbp_anonymous_reply_count":0,"_bbp_topic_count_hidden":0,"_bbp_reply_count_hidden":0,"_bbp_forum_subforum_count":0,"footnotes":""},"categories":[13],"tags":[],"class_list":["post-4776","post","type-post","status-publish","format-standard","hentry","category-4t"],"post_mailing_queue_ids":[],"_links":{"self":[{"href":"https:\/\/agora.xtec.cat\/ceipvistaalegre\/wp-json\/wp\/v2\/posts\/4776","targetHints":{"allow":["GET"]}}],"collection":[{"href":"https:\/\/agora.xtec.cat\/ceipvistaalegre\/wp-json\/wp\/v2\/posts"}],"about":[{"href":"https:\/\/agora.xtec.cat\/ceipvistaalegre\/wp-json\/wp\/v2\/types\/post"}],"author":[{"embeddable":true,"href":"https:\/\/agora.xtec.cat\/ceipvistaalegre\/wp-json\/wp\/v2\/users\/5"}],"replies":[{"embeddable":true,"href":"https:\/\/agora.xtec.cat\/ceipvistaalegre\/wp-json\/wp\/v2\/comments?post=4776"}],"version-history":[{"count":3,"href":"https:\/\/agora.xtec.cat\/ceipvistaalegre\/wp-json\/wp\/v2\/posts\/4776\/revisions"}],"predecessor-version":[{"id":4784,"href":"https:\/\/agora.xtec.cat\/ceipvistaalegre\/wp-json\/wp\/v2\/posts\/4776\/revisions\/4784"}],"wp:attachment":[{"href":"https:\/\/agora.xtec.cat\/ceipvistaalegre\/wp-json\/wp\/v2\/media?parent=4776"}],"wp:term":[{"taxonomy":"category","embeddable":true,"href":"https:\/\/agora.xtec.cat\/ceipvistaalegre\/wp-json\/wp\/v2\/categories?post=4776"},{"taxonomy":"post_tag","embeddable":true,"href":"https:\/\/agora.xtec.cat\/ceipvistaalegre\/wp-json\/wp\/v2\/tags?post=4776"}],"curies":[{"name":"wp","href":"https:\/\/api.w.org\/{rel}","templated":true}]}}