{"id":4770,"date":"2021-04-28T08:04:28","date_gmt":"2021-04-28T06:04:28","guid":{"rendered":"https:\/\/agora.xtec.cat\/ceipvistaalegre\/?p=4770"},"modified":"2021-04-28T08:04:44","modified_gmt":"2021-04-28T06:04:44","slug":"de-mataro-a-toquio-en-familia","status":"publish","type":"post","link":"https:\/\/agora.xtec.cat\/ceipvistaalegre\/portada\/de-mataro-a-toquio-en-familia\/","title":{"rendered":"De Matar\u00f3 a T\u00f2quio&#8230; En fam\u00edlia!"},"content":{"rendered":"<h3 style=\"text-align: center;\">Orgullosos de les fam\u00edlies vistalegrines i de la seva implicaci\u00f3 i participaci\u00f3 en la campanya &#8220;De Matar\u00f3 a T\u00f2quio&#8221;.<\/h3>\n<h3 style=\"text-align: center;\">Gr\u00e0cies per sumar quil\u00f2metres!<\/h3>\n<p><a href=\"https:\/\/drive.google.com\/file\/d\/1wthlyqam_i7E7kLTlGQMarewr8z8c8Qr\/view?usp=sharing\"><img loading=\"lazy\" decoding=\"async\" class=\" wp-image-4771 aligncenter\" src=\"https:\/\/agora.xtec.cat\/ceipvistaalegre\/wp-content\/uploads\/usu1936\/2021\/04\/20210427_113327_0000-1024x1024.png\" alt=\"\" width=\"551\" height=\"551\" \/><\/a><\/p>\n<p style=\"text-align: center;\">Cliqueu la imatge per veure el v\u00eddeo!<\/p>\n","protected":false},"excerpt":{"rendered":"<p>Orgullosos de les fam\u00edlies vistalegrines i de la seva implicaci\u00f3 i participaci\u00f3 en la campanya &#8220;De Matar\u00f3 a T\u00f2quio&#8221;.<br \/>\nGr\u00e0cies per sumar quil\u00f2metres!<br \/>\n<a href=\"https:\/\/drive.google.com\/file\/d\/1wthlyqam_i7E7kLTlGQMarewr8z8c8Qr\/view?usp=sharing\"><\/a><br \/>\nCliqueu la imatge per veure el v\u00eddeo!<\/p>\n","protected":false},"author":3,"featured_media":0,"comment_status":"open","ping_status":"closed","sticky":false,"template":"","format":"standard","meta":{"_bbp_topic_count":0,"_bbp_reply_count":0,"_bbp_total_topic_count":0,"_bbp_total_reply_count":0,"_bbp_voice_count":0,"_bbp_anonymous_reply_count":0,"_bbp_topic_count_hidden":0,"_bbp_reply_count_hidden":0,"_bbp_forum_subforum_count":0,"footnotes":""},"categories":[4],"tags":[],"class_list":["post-4770","post","type-post","status-publish","format-standard","hentry","category-portada"],"post_mailing_queue_ids":[],"_links":{"self":[{"href":"https:\/\/agora.xtec.cat\/ceipvistaalegre\/wp-json\/wp\/v2\/posts\/4770","targetHints":{"allow":["GET"]}}],"collection":[{"href":"https:\/\/agora.xtec.cat\/ceipvistaalegre\/wp-json\/wp\/v2\/posts"}],"about":[{"href":"https:\/\/agora.xtec.cat\/ceipvistaalegre\/wp-json\/wp\/v2\/types\/post"}],"author":[{"embeddable":true,"href":"https:\/\/agora.xtec.cat\/ceipvistaalegre\/wp-json\/wp\/v2\/users\/3"}],"replies":[{"embeddable":true,"href":"https:\/\/agora.xtec.cat\/ceipvistaalegre\/wp-json\/wp\/v2\/comments?post=4770"}],"version-history":[{"count":1,"href":"https:\/\/agora.xtec.cat\/ceipvistaalegre\/wp-json\/wp\/v2\/posts\/4770\/revisions"}],"predecessor-version":[{"id":4772,"href":"https:\/\/agora.xtec.cat\/ceipvistaalegre\/wp-json\/wp\/v2\/posts\/4770\/revisions\/4772"}],"wp:attachment":[{"href":"https:\/\/agora.xtec.cat\/ceipvistaalegre\/wp-json\/wp\/v2\/media?parent=4770"}],"wp:term":[{"taxonomy":"category","embeddable":true,"href":"https:\/\/agora.xtec.cat\/ceipvistaalegre\/wp-json\/wp\/v2\/categories?post=4770"},{"taxonomy":"post_tag","embeddable":true,"href":"https:\/\/agora.xtec.cat\/ceipvistaalegre\/wp-json\/wp\/v2\/tags?post=4770"}],"curies":[{"name":"wp","href":"https:\/\/api.w.org\/{rel}","templated":true}]}}