{"id":4704,"date":"2021-04-23T12:44:18","date_gmt":"2021-04-23T10:44:18","guid":{"rendered":"https:\/\/agora.xtec.cat\/ceipvistaalegre\/?p=4704"},"modified":"2021-04-23T12:44:18","modified_gmt":"2021-04-23T10:44:18","slug":"excursio-al-teatre","status":"publish","type":"post","link":"https:\/\/agora.xtec.cat\/ceipvistaalegre\/primaria\/2n\/excursio-al-teatre\/","title":{"rendered":"Excursi\u00f3 al teatre"},"content":{"rendered":"<p>El dimecres passat els nens i nenes de 2n vam anar al Teatre Monumental a veure una obra de teatre que explica, a trav\u00e9s de can\u00e7ons, com s\u00f3n, qu\u00e8 fan i com viuen les orenetes:\u00a0<em>Sempre de vacances<\/em>. De cam\u00ed vam parar al Parc Central a esmorzar i a jugar una mica.<\/p>\n<p>Ens vam fixar que els actors feien servir instruments de joguina i per aix\u00f2 vam voler crear els nostres instruments amb materials que ten\u00edem per casa. Deixant volar la imaginaci\u00f3 van sortir instruments amb molt divertits: maraques de molts estils, guitarres, castanyoles, tambors i bateries, xiulets&#8230; A l&#8217;hora de m\u00fasica cadasc\u00fa va presentar el seu instrument als companys i finalment vam fer un concert plegats tocant una de les can\u00e7ons que vam escoltar a l&#8217;obra de teatre.<\/p>\n<p>Aqu\u00ed hi ha algunes fotos que ens vam fer el dia de l&#8217;excursi\u00f3 i el dia del nostre petit concert.<\/p>\n<p><a href=\"https:\/\/drive.google.com\/drive\/folders\/10MyUMb0gkbiTzegUN8iUDF7QMmVl3o92?usp=sharing\">https:\/\/drive.google.com\/drive\/folders\/10MyUMb0gkbiTzegUN8iUDF7QMmVl3o92?usp=sharing<\/a><\/p>\n","protected":false},"excerpt":{"rendered":"<p>El dimecres passat els nens i nenes de 2n vam anar al Teatre Monumental a veure una obra de teatre que explica, a trav\u00e9s de can\u00e7ons, com s\u00f3n, qu\u00e8 fan i com viuen les orenetes:\u00a0Sempre de vacances. De cam\u00ed vam parar al Parc Central a&hellip;  <a href=\"https:\/\/agora.xtec.cat\/ceipvistaalegre\/primaria\/2n\/excursio-al-teatre\/\" title=\"Read Excursi\u00f3 al teatre\">Llegeix m\u00e9s\u00bb<\/a><\/p>\n","protected":false},"author":22,"featured_media":0,"comment_status":"open","ping_status":"closed","sticky":false,"template":"","format":"standard","meta":{"_bbp_topic_count":0,"_bbp_reply_count":0,"_bbp_total_topic_count":0,"_bbp_total_reply_count":0,"_bbp_voice_count":0,"_bbp_anonymous_reply_count":0,"_bbp_topic_count_hidden":0,"_bbp_reply_count_hidden":0,"_bbp_forum_subforum_count":0,"footnotes":""},"categories":[11],"tags":[],"class_list":["post-4704","post","type-post","status-publish","format-standard","hentry","category-2n"],"post_mailing_queue_ids":[],"_links":{"self":[{"href":"https:\/\/agora.xtec.cat\/ceipvistaalegre\/wp-json\/wp\/v2\/posts\/4704","targetHints":{"allow":["GET"]}}],"collection":[{"href":"https:\/\/agora.xtec.cat\/ceipvistaalegre\/wp-json\/wp\/v2\/posts"}],"about":[{"href":"https:\/\/agora.xtec.cat\/ceipvistaalegre\/wp-json\/wp\/v2\/types\/post"}],"author":[{"embeddable":true,"href":"https:\/\/agora.xtec.cat\/ceipvistaalegre\/wp-json\/wp\/v2\/users\/22"}],"replies":[{"embeddable":true,"href":"https:\/\/agora.xtec.cat\/ceipvistaalegre\/wp-json\/wp\/v2\/comments?post=4704"}],"version-history":[{"count":3,"href":"https:\/\/agora.xtec.cat\/ceipvistaalegre\/wp-json\/wp\/v2\/posts\/4704\/revisions"}],"predecessor-version":[{"id":4707,"href":"https:\/\/agora.xtec.cat\/ceipvistaalegre\/wp-json\/wp\/v2\/posts\/4704\/revisions\/4707"}],"wp:attachment":[{"href":"https:\/\/agora.xtec.cat\/ceipvistaalegre\/wp-json\/wp\/v2\/media?parent=4704"}],"wp:term":[{"taxonomy":"category","embeddable":true,"href":"https:\/\/agora.xtec.cat\/ceipvistaalegre\/wp-json\/wp\/v2\/categories?post=4704"},{"taxonomy":"post_tag","embeddable":true,"href":"https:\/\/agora.xtec.cat\/ceipvistaalegre\/wp-json\/wp\/v2\/tags?post=4704"}],"curies":[{"name":"wp","href":"https:\/\/api.w.org\/{rel}","templated":true}]}}