{"id":4608,"date":"2021-04-21T10:28:18","date_gmt":"2021-04-21T08:28:18","guid":{"rendered":"https:\/\/agora.xtec.cat\/ceipvistaalegre\/?p=4608"},"modified":"2021-04-22T13:31:42","modified_gmt":"2021-04-22T11:31:42","slug":"de-mataro-a-toquio","status":"publish","type":"post","link":"https:\/\/agora.xtec.cat\/ceipvistaalegre\/portada\/de-mataro-a-toquio\/","title":{"rendered":"De Matar\u00f3 a T\u00f2quio!"},"content":{"rendered":"<p><a href=\"https:\/\/agora.xtec.cat\/ceipvistaalegre\/wp-content\/uploads\/usu1936\/2021\/04\/Laia.jpg\"><img loading=\"lazy\" decoding=\"async\" class=\"wp-image-4609 aligncenter\" src=\"https:\/\/agora.xtec.cat\/ceipvistaalegre\/wp-content\/uploads\/usu1936\/2021\/04\/Laia-1004x1024.jpg\" alt=\"\" width=\"565\" height=\"576\" \/><\/a><\/p>\n<h2 style=\"text-align: center;\"><strong>JA LA TENIM AQUI!\u00a0<\/strong><\/h2>\n<h4 style=\"text-align: center;\"><strong>L&#8217;escola Germanes Bertomeu ens ha fet el relleu de la LAIA.\u00a0<\/strong><\/h4>\n<h4 style=\"text-align: center;\"><strong>Del 20 al 27 d&#8217;abril estar\u00e0 a la nostra escola i veur\u00e0 com sumem quil\u00f2metres!<\/strong><\/h4>\n<h4 style=\"text-align: center;\"><strong>SOM-HI!<\/strong><\/h4>\n","protected":false},"excerpt":{"rendered":"<p><a href=\"https:\/\/agora.xtec.cat\/ceipvistaalegre\/wp-content\/uploads\/usu1936\/2021\/04\/Laia.jpg\"><\/a><br \/>\nJA LA TENIM AQUI!\u00a0<br \/>\nL&#8217;escola Germanes Bertomeu ens ha fet el relleu de la LAIA.\u00a0<br \/>\nDel 20 al 27 d&#8217;abril estar\u00e0 a la nostra escola i veur\u00e0 com sumem quil\u00f2metres!<br \/>\nSOM-HI!<\/p>\n","protected":false},"author":3,"featured_media":0,"comment_status":"open","ping_status":"closed","sticky":false,"template":"","format":"standard","meta":{"_bbp_topic_count":0,"_bbp_reply_count":0,"_bbp_total_topic_count":0,"_bbp_total_reply_count":0,"_bbp_voice_count":0,"_bbp_anonymous_reply_count":0,"_bbp_topic_count_hidden":0,"_bbp_reply_count_hidden":0,"_bbp_forum_subforum_count":0,"footnotes":""},"categories":[4],"tags":[],"class_list":["post-4608","post","type-post","status-publish","format-standard","hentry","category-portada"],"post_mailing_queue_ids":[],"_links":{"self":[{"href":"https:\/\/agora.xtec.cat\/ceipvistaalegre\/wp-json\/wp\/v2\/posts\/4608","targetHints":{"allow":["GET"]}}],"collection":[{"href":"https:\/\/agora.xtec.cat\/ceipvistaalegre\/wp-json\/wp\/v2\/posts"}],"about":[{"href":"https:\/\/agora.xtec.cat\/ceipvistaalegre\/wp-json\/wp\/v2\/types\/post"}],"author":[{"embeddable":true,"href":"https:\/\/agora.xtec.cat\/ceipvistaalegre\/wp-json\/wp\/v2\/users\/3"}],"replies":[{"embeddable":true,"href":"https:\/\/agora.xtec.cat\/ceipvistaalegre\/wp-json\/wp\/v2\/comments?post=4608"}],"version-history":[{"count":2,"href":"https:\/\/agora.xtec.cat\/ceipvistaalegre\/wp-json\/wp\/v2\/posts\/4608\/revisions"}],"predecessor-version":[{"id":4613,"href":"https:\/\/agora.xtec.cat\/ceipvistaalegre\/wp-json\/wp\/v2\/posts\/4608\/revisions\/4613"}],"wp:attachment":[{"href":"https:\/\/agora.xtec.cat\/ceipvistaalegre\/wp-json\/wp\/v2\/media?parent=4608"}],"wp:term":[{"taxonomy":"category","embeddable":true,"href":"https:\/\/agora.xtec.cat\/ceipvistaalegre\/wp-json\/wp\/v2\/categories?post=4608"},{"taxonomy":"post_tag","embeddable":true,"href":"https:\/\/agora.xtec.cat\/ceipvistaalegre\/wp-json\/wp\/v2\/tags?post=4608"}],"curies":[{"name":"wp","href":"https:\/\/api.w.org\/{rel}","templated":true}]}}