{"id":4594,"date":"2021-04-17T10:17:56","date_gmt":"2021-04-17T08:17:56","guid":{"rendered":"https:\/\/agora.xtec.cat\/ceipvistaalegre\/?p=4594"},"modified":"2021-04-17T10:19:40","modified_gmt":"2021-04-17T08:19:40","slug":"sortida-al-parc-natural-montnegre-i-corredor","status":"publish","type":"post","link":"https:\/\/agora.xtec.cat\/ceipvistaalegre\/primaria\/6e\/sortida-al-parc-natural-montnegre-i-corredor\/","title":{"rendered":"Sortida al Parc Natural Montnegre i Corredor"},"content":{"rendered":"<p>A trav\u00e9s del programa <em>Coneguem els nostres parcs<\/em>, l&#8217;alumnat de 6\u00e8 ha pogut visitar el Parc Natural del Montnegre i el Corredor. L\u2019objectiu principal del programa \u00e9s donar a con\u00e8ixer la tasca de conservaci\u00f3 i difusi\u00f3 dels espais naturals protegits que realitza l\u2019administraci\u00f3 p\u00fablica que els gestiona, amb la finalitat de conscienciar-los de la import\u00e0ncia d\u2019assumir compromisos socials responsables respecte al medi natural que els envolta.<\/p>\n<p><strong>Fase 1. A l\u2019aula<\/strong><\/p>\n<p>La primera fase va tenir lloc a l&#8217;aula: recerca d&#8217;informaci\u00f3, que va servir per tenir un primer contacte amb els espais naturals protegits, concretament el Parc Natural del Montnegre i el Corredor.<\/p>\n<p><strong>Fase 2. Al parc<\/strong><\/p>\n<p>La segona fase va ser un itinerari guiat per un educador ambiental especialitzat. Els nens i nenes de 6\u00e8 van poder con\u00e8ixer de primera m\u00e0 diferents aspectes naturals i socials a trav\u00e9s de diferents activitats dinamitzades i l\u00fadiques, mentre passejaven i descobrien un entorn \u00fanic.<\/p>\n<p>Si voleu veure m\u00e9s fotos del dia, les trobareu al seg\u00fcent enlla\u00e7: <a href=\"https:\/\/drive.google.com\/drive\/folders\/1zJmE4Tsdu6SRgw5WVPl9G22_Xw1I6sNo?usp=sharing\">CONEGUEM ELS NOSTRES PARCS 6\u00e8<\/a><\/p>\n<p><a href=\"https:\/\/agora.xtec.cat\/ceipvistaalegre\/wp-content\/uploads\/usu1936\/2021\/04\/IMG_20210416_132418-1-min.jpg\"><img loading=\"lazy\" decoding=\"async\" class=\"wp-image-4595 aligncenter\" src=\"https:\/\/agora.xtec.cat\/ceipvistaalegre\/wp-content\/uploads\/usu1936\/2021\/04\/IMG_20210416_132418-1-min-1024x768.jpg\" alt=\"\" width=\"502\" height=\"377\" \/><\/a><\/p>\n","protected":false},"excerpt":{"rendered":"<p>A trav\u00e9s del programa Coneguem els nostres parcs, l&#8217;alumnat de 6\u00e8 ha pogut visitar el Parc Natural del Montnegre i el Corredor. L\u2019objectiu principal del programa \u00e9s donar a con\u00e8ixer la tasca de conservaci\u00f3 i difusi\u00f3 dels espais naturals protegits que realitza l\u2019administraci\u00f3 p\u00fablica que&hellip;  <a href=\"https:\/\/agora.xtec.cat\/ceipvistaalegre\/primaria\/6e\/sortida-al-parc-natural-montnegre-i-corredor\/\" title=\"Read Sortida al Parc Natural Montnegre i Corredor\">Llegeix m\u00e9s\u00bb<\/a><\/p>\n","protected":false},"author":3,"featured_media":0,"comment_status":"open","ping_status":"closed","sticky":false,"template":"","format":"standard","meta":{"_bbp_topic_count":0,"_bbp_reply_count":0,"_bbp_total_topic_count":0,"_bbp_total_reply_count":0,"_bbp_voice_count":0,"_bbp_anonymous_reply_count":0,"_bbp_topic_count_hidden":0,"_bbp_reply_count_hidden":0,"_bbp_forum_subforum_count":0,"footnotes":""},"categories":[15],"tags":[],"class_list":["post-4594","post","type-post","status-publish","format-standard","hentry","category-6e"],"post_mailing_queue_ids":[],"_links":{"self":[{"href":"https:\/\/agora.xtec.cat\/ceipvistaalegre\/wp-json\/wp\/v2\/posts\/4594","targetHints":{"allow":["GET"]}}],"collection":[{"href":"https:\/\/agora.xtec.cat\/ceipvistaalegre\/wp-json\/wp\/v2\/posts"}],"about":[{"href":"https:\/\/agora.xtec.cat\/ceipvistaalegre\/wp-json\/wp\/v2\/types\/post"}],"author":[{"embeddable":true,"href":"https:\/\/agora.xtec.cat\/ceipvistaalegre\/wp-json\/wp\/v2\/users\/3"}],"replies":[{"embeddable":true,"href":"https:\/\/agora.xtec.cat\/ceipvistaalegre\/wp-json\/wp\/v2\/comments?post=4594"}],"version-history":[{"count":1,"href":"https:\/\/agora.xtec.cat\/ceipvistaalegre\/wp-json\/wp\/v2\/posts\/4594\/revisions"}],"predecessor-version":[{"id":4596,"href":"https:\/\/agora.xtec.cat\/ceipvistaalegre\/wp-json\/wp\/v2\/posts\/4594\/revisions\/4596"}],"wp:attachment":[{"href":"https:\/\/agora.xtec.cat\/ceipvistaalegre\/wp-json\/wp\/v2\/media?parent=4594"}],"wp:term":[{"taxonomy":"category","embeddable":true,"href":"https:\/\/agora.xtec.cat\/ceipvistaalegre\/wp-json\/wp\/v2\/categories?post=4594"},{"taxonomy":"post_tag","embeddable":true,"href":"https:\/\/agora.xtec.cat\/ceipvistaalegre\/wp-json\/wp\/v2\/tags?post=4594"}],"curies":[{"name":"wp","href":"https:\/\/api.w.org\/{rel}","templated":true}]}}