{"id":4556,"date":"2021-04-14T22:20:02","date_gmt":"2021-04-14T20:20:02","guid":{"rendered":"https:\/\/agora.xtec.cat\/ceipvistaalegre\/?p=4556"},"modified":"2021-12-19T12:01:44","modified_gmt":"2021-12-19T11:01:44","slug":"arranquem-els-broquils","status":"publish","type":"post","link":"https:\/\/agora.xtec.cat\/ceipvistaalegre\/infantil\/infantil-3-anys\/arranquem-els-broquils\/","title":{"rendered":"ARRENQUEM ELS BR\u00d2QUILS"},"content":{"rendered":"<p>Al mes de mar\u00e7, els nens i les nenes de cicle inicial van collir els br\u00f2quils i van deixar la planta amb l\u2019arrel perqu\u00e8 volien comprovar si tornarien a brotar les verdures. Per\u00f2 despr\u00e9s d\u2019un mes han observat que els br\u00f2quils no brotaven i que les fulles de les plantes estaven molt lletges. Van valorar que era necessari arrancar les plantes, preparar la terra i plantar altres verdures. Els encarregats d\u2019arrancar les plantes dels br\u00f2quils van ser el alumnes de primer. S&#8217;ho van passar molt b\u00e9 i van poder observar directament com eren les arrels d\u2019aquestes plantes.<\/p>\n<p>Cliqueu a la paraula <a href=\"https:\/\/drive.google.com\/drive\/folders\/10FAVBJMjHtVe6hq1wyABao7vAiVF5c0o?usp=sharing\">BR\u00d2QUIL<\/a> per veure les fotografies.<\/p>\n","protected":false},"excerpt":{"rendered":"<p>Al mes de mar\u00e7, els nens i les nenes de cicle inicial van collir els br\u00f2quils i van deixar la planta amb l\u2019arrel perqu\u00e8 volien comprovar si tornarien a brotar les verdures. Per\u00f2 despr\u00e9s d\u2019un mes han observat que els br\u00f2quils no brotaven i que&hellip;  <a href=\"https:\/\/agora.xtec.cat\/ceipvistaalegre\/infantil\/infantil-3-anys\/arranquem-els-broquils\/\" title=\"Read ARRENQUEM ELS BR\u00d2QUILS\">Llegeix m\u00e9s\u00bb<\/a><\/p>\n","protected":false},"author":15,"featured_media":0,"comment_status":"open","ping_status":"closed","sticky":false,"template":"","format":"standard","meta":{"_bbp_topic_count":0,"_bbp_reply_count":0,"_bbp_total_topic_count":0,"_bbp_total_reply_count":0,"_bbp_voice_count":0,"_bbp_anonymous_reply_count":0,"_bbp_topic_count_hidden":0,"_bbp_reply_count_hidden":0,"_bbp_forum_subforum_count":0,"footnotes":""},"categories":[10,11,12,13,14,15,3,8,225],"tags":[],"class_list":["post-4556","post","type-post","status-publish","format-standard","hentry","category-1r","category-2n","category-la-classe-dels-pirates","category-4t","category-5e","category-6e","category-infantil-3-anys","category-infantil-4-anys","category-infantil-5-anys"],"post_mailing_queue_ids":[],"_links":{"self":[{"href":"https:\/\/agora.xtec.cat\/ceipvistaalegre\/wp-json\/wp\/v2\/posts\/4556","targetHints":{"allow":["GET"]}}],"collection":[{"href":"https:\/\/agora.xtec.cat\/ceipvistaalegre\/wp-json\/wp\/v2\/posts"}],"about":[{"href":"https:\/\/agora.xtec.cat\/ceipvistaalegre\/wp-json\/wp\/v2\/types\/post"}],"author":[{"embeddable":true,"href":"https:\/\/agora.xtec.cat\/ceipvistaalegre\/wp-json\/wp\/v2\/users\/15"}],"replies":[{"embeddable":true,"href":"https:\/\/agora.xtec.cat\/ceipvistaalegre\/wp-json\/wp\/v2\/comments?post=4556"}],"version-history":[{"count":3,"href":"https:\/\/agora.xtec.cat\/ceipvistaalegre\/wp-json\/wp\/v2\/posts\/4556\/revisions"}],"predecessor-version":[{"id":4574,"href":"https:\/\/agora.xtec.cat\/ceipvistaalegre\/wp-json\/wp\/v2\/posts\/4556\/revisions\/4574"}],"wp:attachment":[{"href":"https:\/\/agora.xtec.cat\/ceipvistaalegre\/wp-json\/wp\/v2\/media?parent=4556"}],"wp:term":[{"taxonomy":"category","embeddable":true,"href":"https:\/\/agora.xtec.cat\/ceipvistaalegre\/wp-json\/wp\/v2\/categories?post=4556"},{"taxonomy":"post_tag","embeddable":true,"href":"https:\/\/agora.xtec.cat\/ceipvistaalegre\/wp-json\/wp\/v2\/tags?post=4556"}],"curies":[{"name":"wp","href":"https:\/\/api.w.org\/{rel}","templated":true}]}}