{"id":4545,"date":"2021-04-14T21:19:03","date_gmt":"2021-04-14T19:19:03","guid":{"rendered":"https:\/\/agora.xtec.cat\/ceipvistaalegre\/?p=4545"},"modified":"2021-04-16T10:38:08","modified_gmt":"2021-04-16T08:38:08","slug":"classe-de-musica-amb-la-guitarra","status":"publish","type":"post","link":"https:\/\/agora.xtec.cat\/ceipvistaalegre\/general\/classe-de-musica-amb-la-guitarra\/","title":{"rendered":"Classe de m\u00fasica amb la guitarra"},"content":{"rendered":"<p>Avui la Magda ha portat la guitarra per fer classe de m\u00fasica. Ens ha agradat molt hem sentit la guitarra i sobretot hem cantat, que a quart se&#8217;ns d\u00f3na molt b\u00e9!<\/p>\n<p>Per sentir-nos cliqueu aqu\u00ed:<a href=\"https:\/\/drive.google.com\/file\/d\/126tAwHFOROqCaK0XTk9lQ4Zn9MYnyQ6n\/view?usp=sharing\"> M\u00daSICA<\/a><\/p>\n","protected":false},"excerpt":{"rendered":"<p>Avui la Magda ha portat la guitarra per fer classe de m\u00fasica. Ens ha agradat molt hem sentit la guitarra i sobretot hem cantat, que a quart se&#8217;ns d\u00f3na molt b\u00e9!<br \/>\nPer sentir-nos cliqueu aqu\u00ed:<a href=\"https:\/\/drive.google.com\/file\/d\/126tAwHFOROqCaK0XTk9lQ4Zn9MYnyQ6n\/view?usp=sharing\"> M\u00daSICA<\/a><\/p>\n","protected":false},"author":5,"featured_media":0,"comment_status":"open","ping_status":"closed","sticky":false,"template":"","format":"standard","meta":{"_bbp_topic_count":0,"_bbp_reply_count":0,"_bbp_total_topic_count":0,"_bbp_total_reply_count":0,"_bbp_voice_count":0,"_bbp_anonymous_reply_count":0,"_bbp_topic_count_hidden":0,"_bbp_reply_count_hidden":0,"_bbp_forum_subforum_count":0,"footnotes":""},"categories":[13,1,5],"tags":[],"class_list":["post-4545","post","type-post","status-publish","format-standard","hentry","category-4t","category-general","category-primaria"],"post_mailing_queue_ids":[],"_links":{"self":[{"href":"https:\/\/agora.xtec.cat\/ceipvistaalegre\/wp-json\/wp\/v2\/posts\/4545","targetHints":{"allow":["GET"]}}],"collection":[{"href":"https:\/\/agora.xtec.cat\/ceipvistaalegre\/wp-json\/wp\/v2\/posts"}],"about":[{"href":"https:\/\/agora.xtec.cat\/ceipvistaalegre\/wp-json\/wp\/v2\/types\/post"}],"author":[{"embeddable":true,"href":"https:\/\/agora.xtec.cat\/ceipvistaalegre\/wp-json\/wp\/v2\/users\/5"}],"replies":[{"embeddable":true,"href":"https:\/\/agora.xtec.cat\/ceipvistaalegre\/wp-json\/wp\/v2\/comments?post=4545"}],"version-history":[{"count":3,"href":"https:\/\/agora.xtec.cat\/ceipvistaalegre\/wp-json\/wp\/v2\/posts\/4545\/revisions"}],"predecessor-version":[{"id":4593,"href":"https:\/\/agora.xtec.cat\/ceipvistaalegre\/wp-json\/wp\/v2\/posts\/4545\/revisions\/4593"}],"wp:attachment":[{"href":"https:\/\/agora.xtec.cat\/ceipvistaalegre\/wp-json\/wp\/v2\/media?parent=4545"}],"wp:term":[{"taxonomy":"category","embeddable":true,"href":"https:\/\/agora.xtec.cat\/ceipvistaalegre\/wp-json\/wp\/v2\/categories?post=4545"},{"taxonomy":"post_tag","embeddable":true,"href":"https:\/\/agora.xtec.cat\/ceipvistaalegre\/wp-json\/wp\/v2\/tags?post=4545"}],"curies":[{"name":"wp","href":"https:\/\/api.w.org\/{rel}","templated":true}]}}