{"id":4534,"date":"2021-04-14T17:49:57","date_gmt":"2021-04-14T15:49:57","guid":{"rendered":"https:\/\/agora.xtec.cat\/ceipvistaalegre\/?p=4534"},"modified":"2021-04-21T10:29:15","modified_gmt":"2021-04-21T08:29:15","slug":"de-mataro-a-tokio-en-familia","status":"publish","type":"post","link":"https:\/\/agora.xtec.cat\/ceipvistaalegre\/portada\/de-mataro-a-tokio-en-familia\/","title":{"rendered":"De Matar\u00f3 a T\u00f2quio&#8230; EN FAM\u00cdLIA!"},"content":{"rendered":"<p><a href=\"https:\/\/agora.xtec.cat\/ceipvistaalegre\/wp-content\/uploads\/usu1936\/2021\/04\/logo.png\"><img loading=\"lazy\" decoding=\"async\" class=\"wp-image-4474 aligncenter\" src=\"https:\/\/agora.xtec.cat\/ceipvistaalegre\/wp-content\/uploads\/usu1936\/2021\/04\/logo-1024x276.png\" alt=\"\" width=\"601\" height=\"162\" \/><\/a><\/p>\n<p><span style=\"font-weight: 400;\">Com ja sabeu, la nostra escola, juntament amb una trentena de centres educatius de Matar\u00f3, participa a la campanya <\/span><b>DE MATAR\u00d3 A T\u00d2QUIO<\/b><span style=\"font-weight: 400;\">, una iniciativa del Grup de Treball de Professors d\u2019Educaci\u00f3 F\u00edsica del PCEE i del\u00a0 Consell Esportiu del Maresme,<\/span> <span style=\"font-weight: 400;\">amb el suport de\u00a0 l\u2019Ajuntament de Matar\u00f3 i del Pla Catal\u00e0 d\u2019Esport a l\u2019Escola.\u00a0<\/span><\/p>\n<p><span style=\"font-weight: 400;\">Durant una setmana, tots els alumnes d\u2019infantil, prim\u00e0ria, secund\u00e0ria, batxillerat i cicles, sumaran quil\u00f2metres, en una iniciativa que vol visualitzar la import\u00e0ncia de\u00a0 l\u2019activitat f\u00edsica i l\u2019esport com a element essencial de la societat. La suma dels quil\u00f2metres aportats per totes les escoles i instituts de la ciutat que participen en aquesta activitat, ha de permetre arribar \u201cvirtualment\u201d fins a T\u00f2quio. Per acabar el projecte, un\/a esportista d\u2019elit de la ciutat i participant als Jocs Ol\u00edmpics, far\u00e0 arribar una de les \u201cLaia &#8211; relleu\u201d utilitzades durant l\u2019activitat, fins la ciutat ol\u00edmpica i gr\u00e0cies a l\u2019esfor\u00e7 de totes i tots.<\/span><\/p>\n<p><span style=\"font-weight: 400;\">Aquesta iniciativa s\u2019obre tamb\u00e9 a la participaci\u00f3 de les fam\u00edlies, de manera que, us animem que si feu una sortida o caminada durant el cap de setmana, els vostre recorregut es pugui afegir al total de quil\u00f2metres que hem aconseguit tots els integrants de la nostra escola.<\/span><\/p>\n<h4><span style=\"font-weight: 400;\">Per fer-ho us animem que ens envieu un correu electr\u00f2nic a <\/span><a href=\"mailto:direccio@escolavistalegre.cat\"><span style=\"font-weight: 400;\">direccio@escolavistalegre.cat<\/span><\/a><span style=\"font-weight: 400;\"> amb el nombre de membres de la fam\u00edlia que heu participat, lloc on heu anat i nombre de quil\u00f2metres totals que heu fet. Podeu adjuntar a aquestes dades d\u2019una foto ben divertida! Teniu fins el <\/span><b>dilluns 26 d\u2019abril <\/b><span style=\"font-weight: 400;\">per fer-ho. Estem segurs que als vostres fills i filles els agradar\u00e0 poder implicar-vos en una campanya on totes i tots sumem!!!<\/span><\/h4>\n<p><a href=\"https:\/\/agora.xtec.cat\/ceipvistaalegre\/wp-content\/uploads\/usu1936\/2021\/04\/images.jpg\"><img loading=\"lazy\" decoding=\"async\" class=\"size-full wp-image-4536 aligncenter\" src=\"https:\/\/agora.xtec.cat\/ceipvistaalegre\/wp-content\/uploads\/usu1936\/2021\/04\/images.jpg\" alt=\"\" width=\"265\" height=\"172\" \/><\/a><\/p>\n<p>&nbsp;<\/p>\n","protected":false},"excerpt":{"rendered":"<p><a href=\"https:\/\/agora.xtec.cat\/ceipvistaalegre\/wp-content\/uploads\/usu1936\/2021\/04\/logo.png\"><\/a><br \/>\nCom ja sabeu, la nostra escola, juntament amb una trentena de centres educatius de Matar\u00f3, participa a la campanya DE MATAR\u00d3 A T\u00d2QUIO, una iniciativa del Grup de Treball de Professors d\u2019Educaci\u00f3 F\u00edsica del PCEE i del\u00a0 Consell Esportiu del Maresme, amb el suport&hellip;  <a href=\"https:\/\/agora.xtec.cat\/ceipvistaalegre\/portada\/de-mataro-a-tokio-en-familia\/\" title=\"Read De Matar\u00f3 a T\u00f2quio&#8230; EN FAM\u00cdLIA!\">Llegeix m\u00e9s\u00bb<\/a><\/p>\n","protected":false},"author":3,"featured_media":0,"comment_status":"open","ping_status":"closed","sticky":false,"template":"","format":"standard","meta":{"_bbp_topic_count":0,"_bbp_reply_count":0,"_bbp_total_topic_count":0,"_bbp_total_reply_count":0,"_bbp_voice_count":0,"_bbp_anonymous_reply_count":0,"_bbp_topic_count_hidden":0,"_bbp_reply_count_hidden":0,"_bbp_forum_subforum_count":0,"footnotes":""},"categories":[4],"tags":[],"class_list":["post-4534","post","type-post","status-publish","format-standard","hentry","category-portada"],"post_mailing_queue_ids":[],"_links":{"self":[{"href":"https:\/\/agora.xtec.cat\/ceipvistaalegre\/wp-json\/wp\/v2\/posts\/4534","targetHints":{"allow":["GET"]}}],"collection":[{"href":"https:\/\/agora.xtec.cat\/ceipvistaalegre\/wp-json\/wp\/v2\/posts"}],"about":[{"href":"https:\/\/agora.xtec.cat\/ceipvistaalegre\/wp-json\/wp\/v2\/types\/post"}],"author":[{"embeddable":true,"href":"https:\/\/agora.xtec.cat\/ceipvistaalegre\/wp-json\/wp\/v2\/users\/3"}],"replies":[{"embeddable":true,"href":"https:\/\/agora.xtec.cat\/ceipvistaalegre\/wp-json\/wp\/v2\/comments?post=4534"}],"version-history":[{"count":3,"href":"https:\/\/agora.xtec.cat\/ceipvistaalegre\/wp-json\/wp\/v2\/posts\/4534\/revisions"}],"predecessor-version":[{"id":4612,"href":"https:\/\/agora.xtec.cat\/ceipvistaalegre\/wp-json\/wp\/v2\/posts\/4534\/revisions\/4612"}],"wp:attachment":[{"href":"https:\/\/agora.xtec.cat\/ceipvistaalegre\/wp-json\/wp\/v2\/media?parent=4534"}],"wp:term":[{"taxonomy":"category","embeddable":true,"href":"https:\/\/agora.xtec.cat\/ceipvistaalegre\/wp-json\/wp\/v2\/categories?post=4534"},{"taxonomy":"post_tag","embeddable":true,"href":"https:\/\/agora.xtec.cat\/ceipvistaalegre\/wp-json\/wp\/v2\/tags?post=4534"}],"curies":[{"name":"wp","href":"https:\/\/api.w.org\/{rel}","templated":true}]}}