{"id":4524,"date":"2021-04-14T16:46:07","date_gmt":"2021-04-14T14:46:07","guid":{"rendered":"https:\/\/agora.xtec.cat\/ceipvistaalegre\/?p=4524"},"modified":"2021-04-14T16:46:07","modified_gmt":"2021-04-14T14:46:07","slug":"lilla-del-tresor","status":"publish","type":"post","link":"https:\/\/agora.xtec.cat\/ceipvistaalegre\/primaria\/la-classe-dels-pirates\/lilla-del-tresor\/","title":{"rendered":"&#8220;L&#8217;illa del tresor&#8221;"},"content":{"rendered":"<p>Aquest dimarts els i les pirates de tercer hem anat a veure una obra de pirates: &#8220;L&#8217;illa del tresor&#8221; de la companyia Veus-Veus a la sala Cabanyes. Feia temps que no hi an\u00e0vem i ten\u00edem moltes ganes. Despr\u00e9s hem passat pel Parc Central per esmorzar i jugar una estona als gronxadors.<a href=\"https:\/\/agora.xtec.cat\/ceipvistaalegre\/wp-content\/uploads\/usu1936\/2021\/04\/foto5-2.jpg\"><img loading=\"lazy\" decoding=\"async\" class=\"wp-image-4532 aligncenter\" src=\"https:\/\/agora.xtec.cat\/ceipvistaalegre\/wp-content\/uploads\/usu1936\/2021\/04\/foto5-2-1024x768.jpg\" alt=\"\" width=\"616\" height=\"462\" \/><\/a><\/p>\n","protected":false},"excerpt":{"rendered":"<p>Aquest dimarts els i les pirates de tercer hem anat a veure una obra de pirates: &#8220;L&#8217;illa del tresor&#8221; de la companyia Veus-Veus a la sala Cabanyes. Feia temps que no hi an\u00e0vem i ten\u00edem moltes ganes. Despr\u00e9s hem passat pel Parc Central per esmorzar&hellip;  <a href=\"https:\/\/agora.xtec.cat\/ceipvistaalegre\/primaria\/la-classe-dels-pirates\/lilla-del-tresor\/\" title=\"Read &#8220;L&#8217;illa del tresor&#8221;\">Llegeix m\u00e9s\u00bb<\/a><\/p>\n","protected":false},"author":7,"featured_media":0,"comment_status":"open","ping_status":"closed","sticky":false,"template":"","format":"standard","meta":{"_bbp_topic_count":0,"_bbp_reply_count":0,"_bbp_total_topic_count":0,"_bbp_total_reply_count":0,"_bbp_voice_count":0,"_bbp_anonymous_reply_count":0,"_bbp_topic_count_hidden":0,"_bbp_reply_count_hidden":0,"_bbp_forum_subforum_count":0,"footnotes":""},"categories":[12],"tags":[],"class_list":["post-4524","post","type-post","status-publish","format-standard","hentry","category-la-classe-dels-pirates"],"post_mailing_queue_ids":[],"_links":{"self":[{"href":"https:\/\/agora.xtec.cat\/ceipvistaalegre\/wp-json\/wp\/v2\/posts\/4524","targetHints":{"allow":["GET"]}}],"collection":[{"href":"https:\/\/agora.xtec.cat\/ceipvistaalegre\/wp-json\/wp\/v2\/posts"}],"about":[{"href":"https:\/\/agora.xtec.cat\/ceipvistaalegre\/wp-json\/wp\/v2\/types\/post"}],"author":[{"embeddable":true,"href":"https:\/\/agora.xtec.cat\/ceipvistaalegre\/wp-json\/wp\/v2\/users\/7"}],"replies":[{"embeddable":true,"href":"https:\/\/agora.xtec.cat\/ceipvistaalegre\/wp-json\/wp\/v2\/comments?post=4524"}],"version-history":[{"count":1,"href":"https:\/\/agora.xtec.cat\/ceipvistaalegre\/wp-json\/wp\/v2\/posts\/4524\/revisions"}],"predecessor-version":[{"id":4533,"href":"https:\/\/agora.xtec.cat\/ceipvistaalegre\/wp-json\/wp\/v2\/posts\/4524\/revisions\/4533"}],"wp:attachment":[{"href":"https:\/\/agora.xtec.cat\/ceipvistaalegre\/wp-json\/wp\/v2\/media?parent=4524"}],"wp:term":[{"taxonomy":"category","embeddable":true,"href":"https:\/\/agora.xtec.cat\/ceipvistaalegre\/wp-json\/wp\/v2\/categories?post=4524"},{"taxonomy":"post_tag","embeddable":true,"href":"https:\/\/agora.xtec.cat\/ceipvistaalegre\/wp-json\/wp\/v2\/tags?post=4524"}],"curies":[{"name":"wp","href":"https:\/\/api.w.org\/{rel}","templated":true}]}}