{"id":4497,"date":"2021-04-11T20:54:18","date_gmt":"2021-04-11T18:54:18","guid":{"rendered":"https:\/\/agora.xtec.cat\/ceipvistaalegre\/?p=4497"},"modified":"2021-12-19T12:01:44","modified_gmt":"2021-12-19T11:01:44","slug":"mesurem-i-mesurem","status":"publish","type":"post","link":"https:\/\/agora.xtec.cat\/ceipvistaalegre\/infantil\/infantil-5-anys\/mesurem-i-mesurem\/","title":{"rendered":"Mesurem i mesurem &#8230;"},"content":{"rendered":"<p>Els nens i nenes de la classe dels Dofins hem estat mesurant. Ens hem mesurat quina al\u00e7ada tenim i les hem comparat: qui \u00e9s m\u00e9s alt, quants cent\u00edmetres fa. Hem parlat de les unitats de mesura: podem mesurar a pams, amb passes, amb la cinta m\u00e8trica&#8230; Quina mesura utilitzem de manera habitual i est\u00e0ndard i per qu\u00e8: el metre i els cent\u00edmetres.<\/p>\n<p>Tamb\u00e9 hem volgut saber qu\u00e8 mesura el dof\u00ed orca, un dels m\u00e9s grans animals marins. Per aix\u00f2 hem anat a la pista i amb la cinta m\u00e8trica hem vist quant eren 10 metres i quants nens i nenes necessit\u00e0vem per igualar la llargada de l&#8217;orca. Realment \u00e9s molt llarg aquest dof\u00ed!! Despr\u00e9s l&#8217;hem comparat amb el dof\u00ed mular que nom\u00e9s fa 4 metres.<\/p>\n<p>Finalment hem volgut saber el pes de diferents objectes de la classe. Hem fet servir una balan\u00e7a i hem parlat de la unitat de mesura per pesar: els grams i el quilo. Hem fet estimacions de quin objecte pesaria m\u00e9s o menys i despr\u00e9s ho hem comprovat amb la balan\u00e7a.<\/p>\n<p><a href=\"https:\/\/agora.xtec.cat\/ceipvistaalegre\/infantil\/p5\/mesurem-i-mesurem\/attachment\/mini_img_20210219_102850\/\" rel=\"attachment wp-att-4501\"><img loading=\"lazy\" decoding=\"async\" class=\"aligncenter size-large wp-image-4501\" src=\"https:\/\/agora.xtec.cat\/ceipvistaalegre\/wp-content\/uploads\/usu1936\/2021\/04\/mini_IMG_20210219_102850-1024x768.jpg\" alt=\"\" width=\"1024\" height=\"768\" \/><\/a> <a href=\"https:\/\/agora.xtec.cat\/ceipvistaalegre\/infantil\/p5\/mesurem-i-mesurem\/attachment\/mini_img_20210407_101301\/\" rel=\"attachment wp-att-4502\"><img loading=\"lazy\" decoding=\"async\" class=\"aligncenter size-large wp-image-4502\" src=\"https:\/\/agora.xtec.cat\/ceipvistaalegre\/wp-content\/uploads\/usu1936\/2021\/04\/mini_IMG_20210407_101301-1024x768.jpg\" alt=\"\" width=\"1024\" height=\"768\" \/><\/a> <a href=\"https:\/\/agora.xtec.cat\/ceipvistaalegre\/infantil\/p5\/mesurem-i-mesurem\/attachment\/mini_img_20210409_093639\/\" rel=\"attachment wp-att-4503\"><img loading=\"lazy\" decoding=\"async\" class=\"aligncenter size-large wp-image-4503\" src=\"https:\/\/agora.xtec.cat\/ceipvistaalegre\/wp-content\/uploads\/usu1936\/2021\/04\/mini_IMG_20210409_093639-1024x768.jpg\" alt=\"\" width=\"1024\" height=\"768\" \/><\/a><\/p>\n<p><a href=\"https:\/\/drive.google.com\/drive\/folders\/1WpYmb0hCPOSmsU4fB5U5NQ2jKNZryQJK?usp=sharing\">MESUREM<\/a><\/p>\n<p>&nbsp;<\/p>\n","protected":false},"excerpt":{"rendered":"<p>Els nens i nenes de la classe dels Dofins hem estat mesurant. Ens hem mesurat quina al\u00e7ada tenim i les hem comparat: qui \u00e9s m\u00e9s alt, quants cent\u00edmetres fa. Hem parlat de les unitats de mesura: podem mesurar a pams, amb passes, amb la cinta&hellip;  <a href=\"https:\/\/agora.xtec.cat\/ceipvistaalegre\/infantil\/infantil-5-anys\/mesurem-i-mesurem\/\" title=\"Read Mesurem i mesurem &#8230;\">Llegeix m\u00e9s\u00bb<\/a><\/p>\n","protected":false},"author":4,"featured_media":0,"comment_status":"open","ping_status":"closed","sticky":false,"template":"","format":"standard","meta":{"_bbp_topic_count":0,"_bbp_reply_count":0,"_bbp_total_topic_count":0,"_bbp_total_reply_count":0,"_bbp_voice_count":0,"_bbp_anonymous_reply_count":0,"_bbp_topic_count_hidden":0,"_bbp_reply_count_hidden":0,"_bbp_forum_subforum_count":0,"footnotes":""},"categories":[225],"tags":[121,181,200],"class_list":["post-4497","post","type-post","status-publish","format-standard","hentry","category-infantil-5-anys","tag-descoberta-entorn","tag-matematiques","tag-mesura"],"post_mailing_queue_ids":[],"_links":{"self":[{"href":"https:\/\/agora.xtec.cat\/ceipvistaalegre\/wp-json\/wp\/v2\/posts\/4497","targetHints":{"allow":["GET"]}}],"collection":[{"href":"https:\/\/agora.xtec.cat\/ceipvistaalegre\/wp-json\/wp\/v2\/posts"}],"about":[{"href":"https:\/\/agora.xtec.cat\/ceipvistaalegre\/wp-json\/wp\/v2\/types\/post"}],"author":[{"embeddable":true,"href":"https:\/\/agora.xtec.cat\/ceipvistaalegre\/wp-json\/wp\/v2\/users\/4"}],"replies":[{"embeddable":true,"href":"https:\/\/agora.xtec.cat\/ceipvistaalegre\/wp-json\/wp\/v2\/comments?post=4497"}],"version-history":[{"count":3,"href":"https:\/\/agora.xtec.cat\/ceipvistaalegre\/wp-json\/wp\/v2\/posts\/4497\/revisions"}],"predecessor-version":[{"id":4507,"href":"https:\/\/agora.xtec.cat\/ceipvistaalegre\/wp-json\/wp\/v2\/posts\/4497\/revisions\/4507"}],"wp:attachment":[{"href":"https:\/\/agora.xtec.cat\/ceipvistaalegre\/wp-json\/wp\/v2\/media?parent=4497"}],"wp:term":[{"taxonomy":"category","embeddable":true,"href":"https:\/\/agora.xtec.cat\/ceipvistaalegre\/wp-json\/wp\/v2\/categories?post=4497"},{"taxonomy":"post_tag","embeddable":true,"href":"https:\/\/agora.xtec.cat\/ceipvistaalegre\/wp-json\/wp\/v2\/tags?post=4497"}],"curies":[{"name":"wp","href":"https:\/\/api.w.org\/{rel}","templated":true}]}}