{"id":4487,"date":"2021-04-11T20:35:53","date_gmt":"2021-04-11T18:35:53","guid":{"rendered":"https:\/\/agora.xtec.cat\/ceipvistaalegre\/?p=4487"},"modified":"2021-04-11T20:35:53","modified_gmt":"2021-04-11T18:35:53","slug":"certamen-de-lectura-en-veu-alta-2","status":"publish","type":"post","link":"https:\/\/agora.xtec.cat\/ceipvistaalegre\/general\/certamen-de-lectura-en-veu-alta-2\/","title":{"rendered":"Certamen de Lectura en Veu Alta"},"content":{"rendered":"<p>El Certamen Nacional Infantil i Juvenil de Lectura en Veu Alta \u00e9s una iniciativa de la\u00a0<a href=\"https:\/\/grupenciclopedia.cat\/\">Fundaci\u00f3 Enciclop\u00e8dia Catalana<\/a>, l\u2019objectiu de la qual \u00e9s promocionar la llengua i la cultura catalana contribuint a la creaci\u00f3 d\u2019eines, camins i escenaris per a la cultura i l\u2019educaci\u00f3. En aquesta l\u00ednia, una de les apostes m\u00e9s fermes \u00e9s el <strong>CERTAMEN NACIONAL INFANTIL I JUVENIL DE LECTURA EN VEU ALTA<\/strong>, dirigit a alumnes de tot Catalunya.<\/p>\n<p>La nostra escola ja porta for\u00e7a cursos participant-hi. I aquest any, tot i la situaci\u00f3 d&#8217;excepcionalitat per la pand\u00e8mia, hem participat en el XVII Certamen.<\/p>\n<p>S&#8217;han fet uns nous canvis per adaptar-nos a la nova situaci\u00f3 Covid. Per aix\u00f2, el proc\u00e9s de lectura davant el jurat ha estat telem\u00e0tic. Per\u00f2 aix\u00f2 no ens ha aturat les ganes de llegir i de seguir millorant les t\u00e8cniques per portar a terme una bona lectura en veu alta.<\/p>\n<p>A la categoria de &#8220;Grumets vermells&#8221;, pensada per a lectors i lectores d\u2019entre 8 i 10 anys (cicle mitj\u00e0 de prim\u00e0ria) que llegeixen individualment, ha queda finalista la <strong>Juliana Goerlich<\/strong> de 3r de prim\u00e0ria.<\/p>\n<p>I a la categoria de &#8220;Grumets verds&#8221;, concebuda per a lectors i lectores d\u2019entre 10 i 12 anys (cicle superior de prim\u00e0ria) que llegeixen individualment, el nostre finalista ha estat en <strong>V\u00edctor Fuentes<\/strong> de 6\u00e8 de prim\u00e0ria.<\/p>\n<p>Moltes felicitats a tots dos! Heu llegit genial!<a href=\"https:\/\/agora.xtec.cat\/ceipvistaalegre\/wp-content\/uploads\/usu1936\/2021\/04\/IMG-20210326-WA0002.jpg\"><img loading=\"lazy\" decoding=\"async\" class=\"wp-image-4498 alignright\" src=\"https:\/\/agora.xtec.cat\/ceipvistaalegre\/wp-content\/uploads\/usu1936\/2021\/04\/IMG-20210326-WA0002-768x1024.jpg\" alt=\"\" width=\"281\" height=\"375\" \/><\/a><\/p>\n<p><a href=\"https:\/\/agora.xtec.cat\/ceipvistaalegre\/wp-content\/uploads\/usu1936\/2021\/04\/IMG-20210406-WA0004.jpg\"><img loading=\"lazy\" decoding=\"async\" class=\"alignnone  wp-image-4499\" src=\"https:\/\/agora.xtec.cat\/ceipvistaalegre\/wp-content\/uploads\/usu1936\/2021\/04\/IMG-20210406-WA0004-768x1024.jpg\" alt=\"\" width=\"286\" height=\"382\" \/><\/a><\/p>\n","protected":false},"excerpt":{"rendered":"<p>El Certamen Nacional Infantil i Juvenil de Lectura en Veu Alta \u00e9s una iniciativa de la\u00a0<a href=\"https:\/\/grupenciclopedia.cat\/\">Fundaci\u00f3 Enciclop\u00e8dia Catalana<\/a>, l\u2019objectiu de la qual \u00e9s promocionar la llengua i la cultura catalana contribuint a la creaci\u00f3 d\u2019eines, camins i escenaris per a la cultura i l\u2019educaci\u00f3.&hellip;  <a href=\"https:\/\/agora.xtec.cat\/ceipvistaalegre\/general\/certamen-de-lectura-en-veu-alta-2\/\" title=\"Read Certamen de Lectura en Veu Alta\">Llegeix m\u00e9s\u00bb<\/a><\/p>\n","protected":false},"author":7,"featured_media":0,"comment_status":"open","ping_status":"closed","sticky":false,"template":"","format":"standard","meta":{"_bbp_topic_count":0,"_bbp_reply_count":0,"_bbp_total_topic_count":0,"_bbp_total_reply_count":0,"_bbp_voice_count":0,"_bbp_anonymous_reply_count":0,"_bbp_topic_count_hidden":0,"_bbp_reply_count_hidden":0,"_bbp_forum_subforum_count":0,"footnotes":""},"categories":[12,15,1],"tags":[199],"class_list":["post-4487","post","type-post","status-publish","format-standard","hentry","category-la-classe-dels-pirates","category-6e","category-general","tag-certamen-de-lectura"],"post_mailing_queue_ids":[],"_links":{"self":[{"href":"https:\/\/agora.xtec.cat\/ceipvistaalegre\/wp-json\/wp\/v2\/posts\/4487","targetHints":{"allow":["GET"]}}],"collection":[{"href":"https:\/\/agora.xtec.cat\/ceipvistaalegre\/wp-json\/wp\/v2\/posts"}],"about":[{"href":"https:\/\/agora.xtec.cat\/ceipvistaalegre\/wp-json\/wp\/v2\/types\/post"}],"author":[{"embeddable":true,"href":"https:\/\/agora.xtec.cat\/ceipvistaalegre\/wp-json\/wp\/v2\/users\/7"}],"replies":[{"embeddable":true,"href":"https:\/\/agora.xtec.cat\/ceipvistaalegre\/wp-json\/wp\/v2\/comments?post=4487"}],"version-history":[{"count":1,"href":"https:\/\/agora.xtec.cat\/ceipvistaalegre\/wp-json\/wp\/v2\/posts\/4487\/revisions"}],"predecessor-version":[{"id":4500,"href":"https:\/\/agora.xtec.cat\/ceipvistaalegre\/wp-json\/wp\/v2\/posts\/4487\/revisions\/4500"}],"wp:attachment":[{"href":"https:\/\/agora.xtec.cat\/ceipvistaalegre\/wp-json\/wp\/v2\/media?parent=4487"}],"wp:term":[{"taxonomy":"category","embeddable":true,"href":"https:\/\/agora.xtec.cat\/ceipvistaalegre\/wp-json\/wp\/v2\/categories?post=4487"},{"taxonomy":"post_tag","embeddable":true,"href":"https:\/\/agora.xtec.cat\/ceipvistaalegre\/wp-json\/wp\/v2\/tags?post=4487"}],"curies":[{"name":"wp","href":"https:\/\/api.w.org\/{rel}","templated":true}]}}