{"id":4483,"date":"2021-04-11T11:29:01","date_gmt":"2021-04-11T09:29:01","guid":{"rendered":"https:\/\/agora.xtec.cat\/ceipvistaalegre\/?p=4483"},"modified":"2021-04-11T11:29:01","modified_gmt":"2021-04-11T09:29:01","slug":"sortida-a-la-platja","status":"publish","type":"post","link":"https:\/\/agora.xtec.cat\/ceipvistaalegre\/primaria\/2n\/sortida-a-la-platja\/","title":{"rendered":"SORTIDA A LA PLATJA"},"content":{"rendered":"<p>&nbsp;<\/p>\n<p>El dia 24 de mar\u00e7, poc abans d&#8217;acabar el segon trimestre, ens vam anar d&#8217;excursi\u00f3 a la platja. Va fer un dia preci\u00f3s i ens ho vam passar molt b\u00e9. De cam\u00ed vam posar en pr\u00e0ctica els coneixements d&#8217;educaci\u00f3 vi\u00e0ria i vam fer observaci\u00f3 del barri i la ciutat al llarg del recorregut. Va ser una sortida molt enriquidora despr\u00e9s de tant de temps confinats a l&#8217;escola.<\/p>\n<p><a href=\"https:\/\/agora.xtec.cat\/ceipvistaalegre\/wp-content\/uploads\/usu1936\/2021\/03\/IMG_1258.jpeg\"><img loading=\"lazy\" decoding=\"async\" class=\"alignnone size-large wp-image-4425\" src=\"https:\/\/agora.xtec.cat\/ceipvistaalegre\/wp-content\/uploads\/usu1936\/2021\/03\/IMG_1258-1024x768.jpeg\" alt=\"\" width=\"1024\" height=\"768\" \/><\/a> <a href=\"https:\/\/agora.xtec.cat\/ceipvistaalegre\/wp-content\/uploads\/usu1936\/2021\/03\/IMG_1273-min.jpeg\"><img loading=\"lazy\" decoding=\"async\" class=\"alignnone size-large wp-image-4427\" src=\"https:\/\/agora.xtec.cat\/ceipvistaalegre\/wp-content\/uploads\/usu1936\/2021\/03\/IMG_1273-min-1024x768.jpeg\" alt=\"\" width=\"1024\" height=\"768\" \/><\/a> <a href=\"https:\/\/agora.xtec.cat\/ceipvistaalegre\/wp-content\/uploads\/usu1936\/2021\/03\/IMG_1285.jpeg\"><img loading=\"lazy\" decoding=\"async\" class=\"alignnone size-large wp-image-4426\" src=\"https:\/\/agora.xtec.cat\/ceipvistaalegre\/wp-content\/uploads\/usu1936\/2021\/03\/IMG_1285-1024x481.jpeg\" alt=\"\" width=\"1024\" height=\"481\" \/><\/a> <a href=\"https:\/\/agora.xtec.cat\/ceipvistaalegre\/wp-content\/uploads\/usu1936\/2021\/04\/4B70AF62-9517-4AFC-8908-6C962754D20E_1_201_a-copia.jpeg\"><img loading=\"lazy\" decoding=\"async\" class=\"alignnone size-full wp-image-4482\" src=\"https:\/\/agora.xtec.cat\/ceipvistaalegre\/wp-content\/uploads\/usu1936\/2021\/04\/4B70AF62-9517-4AFC-8908-6C962754D20E_1_201_a-copia.jpeg\" alt=\"\" width=\"320\" height=\"211\" \/><\/a> <a href=\"https:\/\/agora.xtec.cat\/ceipvistaalegre\/wp-content\/uploads\/usu1936\/2021\/04\/EF0391AE-E2A7-452A-AC1C-54312225CB41-copia.jpeg\"><img loading=\"lazy\" decoding=\"async\" class=\"alignnone size-full wp-image-4481\" src=\"https:\/\/agora.xtec.cat\/ceipvistaalegre\/wp-content\/uploads\/usu1936\/2021\/04\/EF0391AE-E2A7-452A-AC1C-54312225CB41-copia.jpeg\" alt=\"\" width=\"320\" height=\"240\" \/><\/a> <a href=\"https:\/\/agora.xtec.cat\/ceipvistaalegre\/wp-content\/uploads\/usu1936\/2021\/04\/583F0CA9-C4E4-4967-A449-A49E72998E38_1_105_c-copia.jpeg\"><img loading=\"lazy\" decoding=\"async\" class=\"alignnone size-full wp-image-4480\" src=\"https:\/\/agora.xtec.cat\/ceipvistaalegre\/wp-content\/uploads\/usu1936\/2021\/04\/583F0CA9-C4E4-4967-A449-A49E72998E38_1_105_c-copia.jpeg\" alt=\"\" width=\"624\" height=\"814\" \/><\/a><\/p>\n","protected":false},"excerpt":{"rendered":"<p>&nbsp;<br \/>\nEl dia 24 de mar\u00e7, poc abans d&#8217;acabar el segon trimestre, ens vam anar d&#8217;excursi\u00f3 a la platja. Va fer un dia preci\u00f3s i ens ho vam passar molt b\u00e9. De cam\u00ed vam posar en pr\u00e0ctica els coneixements d&#8217;educaci\u00f3 vi\u00e0ria i vam fer observaci\u00f3 del&hellip;  <a href=\"https:\/\/agora.xtec.cat\/ceipvistaalegre\/primaria\/2n\/sortida-a-la-platja\/\" title=\"Read SORTIDA A LA PLATJA\">Llegeix m\u00e9s\u00bb<\/a><\/p>\n","protected":false},"author":9,"featured_media":0,"comment_status":"open","ping_status":"closed","sticky":false,"template":"","format":"standard","meta":{"_bbp_topic_count":0,"_bbp_reply_count":0,"_bbp_total_topic_count":0,"_bbp_total_reply_count":0,"_bbp_voice_count":0,"_bbp_anonymous_reply_count":0,"_bbp_topic_count_hidden":0,"_bbp_reply_count_hidden":0,"_bbp_forum_subforum_count":0,"footnotes":""},"categories":[11],"tags":[87,197,16],"class_list":["post-4483","post","type-post","status-publish","format-standard","hentry","category-2n","tag-2n","tag-platja","tag-sortides"],"post_mailing_queue_ids":[],"_links":{"self":[{"href":"https:\/\/agora.xtec.cat\/ceipvistaalegre\/wp-json\/wp\/v2\/posts\/4483","targetHints":{"allow":["GET"]}}],"collection":[{"href":"https:\/\/agora.xtec.cat\/ceipvistaalegre\/wp-json\/wp\/v2\/posts"}],"about":[{"href":"https:\/\/agora.xtec.cat\/ceipvistaalegre\/wp-json\/wp\/v2\/types\/post"}],"author":[{"embeddable":true,"href":"https:\/\/agora.xtec.cat\/ceipvistaalegre\/wp-json\/wp\/v2\/users\/9"}],"replies":[{"embeddable":true,"href":"https:\/\/agora.xtec.cat\/ceipvistaalegre\/wp-json\/wp\/v2\/comments?post=4483"}],"version-history":[{"count":2,"href":"https:\/\/agora.xtec.cat\/ceipvistaalegre\/wp-json\/wp\/v2\/posts\/4483\/revisions"}],"predecessor-version":[{"id":4485,"href":"https:\/\/agora.xtec.cat\/ceipvistaalegre\/wp-json\/wp\/v2\/posts\/4483\/revisions\/4485"}],"wp:attachment":[{"href":"https:\/\/agora.xtec.cat\/ceipvistaalegre\/wp-json\/wp\/v2\/media?parent=4483"}],"wp:term":[{"taxonomy":"category","embeddable":true,"href":"https:\/\/agora.xtec.cat\/ceipvistaalegre\/wp-json\/wp\/v2\/categories?post=4483"},{"taxonomy":"post_tag","embeddable":true,"href":"https:\/\/agora.xtec.cat\/ceipvistaalegre\/wp-json\/wp\/v2\/tags?post=4483"}],"curies":[{"name":"wp","href":"https:\/\/api.w.org\/{rel}","templated":true}]}}