{"id":4473,"date":"2021-04-10T10:17:34","date_gmt":"2021-04-10T08:17:34","guid":{"rendered":"https:\/\/agora.xtec.cat\/ceipvistaalegre\/?p=4473"},"modified":"2021-04-10T10:20:11","modified_gmt":"2021-04-10T08:20:11","slug":"comenca-el-viatge","status":"publish","type":"post","link":"https:\/\/agora.xtec.cat\/ceipvistaalegre\/portada\/comenca-el-viatge\/","title":{"rendered":"Comen\u00e7a el viatge!"},"content":{"rendered":"<h3 style=\"text-align: center;\"><a href=\"https:\/\/agora.xtec.cat\/ceipvistaalegre\/wp-content\/uploads\/usu1936\/2021\/04\/logo.png\"><img loading=\"lazy\" decoding=\"async\" class=\"wp-image-4474 aligncenter\" src=\"https:\/\/agora.xtec.cat\/ceipvistaalegre\/wp-content\/uploads\/usu1936\/2021\/04\/logo-1024x276.png\" alt=\"\" width=\"642\" height=\"173\" \/><\/a>Comencem el viatge!<\/h3>\n<p>Esportistes!! El proper 13 d\u2019abril donem el tret de sortida a 9 setmanes plenes d\u2019esport i activitats f\u00edsica que ens permetran sumar el m\u00e0xim n\u00famero de quil\u00f2metres per completar el recorregut que uneix Matar\u00f3 amb T\u00f2quio!<a href=\"https:\/\/agora.xtec.cat\/ceipvistaalegre\/wp-content\/uploads\/usu1936\/2021\/04\/mapa.jpg\"><img loading=\"lazy\" decoding=\"async\" class=\"wp-image-4475 aligncenter\" src=\"https:\/\/agora.xtec.cat\/ceipvistaalegre\/wp-content\/uploads\/usu1936\/2021\/04\/mapa.jpg\" alt=\"\" width=\"457\" height=\"200\" \/><\/a><\/p>\n<p>La Laia l\u2019Arquera te moltes ganes de poder visitar T\u00f2quio als propers Jocs Ol\u00edmpics i us ajudar\u00e0 durant tot aquest viatge. Tot just hem comen\u00e7at per\u00f2 durant el recorregut anirem passant per un munt de ciutats importants.<\/p>\n<p>L&#8217;esportista que ens acompanyar\u00e0 durant el trajecte ser\u00e0 la <strong>Marta Bach<\/strong>, waterpolista del CN Matar\u00f3, sots-campiona Ol\u00edmpica a Londres 2012 i campiona del m\u00f3n.<\/p>\n<p><iframe loading=\"lazy\" title=\"De Matar\u00f3 a T\u00f2quio amb...\" width=\"500\" height=\"281\" src=\"https:\/\/www.youtube.com\/embed\/h-967U-ERf0?feature=oembed\" frameborder=\"0\" allow=\"accelerometer; autoplay; clipboard-write; encrypted-media; gyroscope; picture-in-picture; web-share\" referrerpolicy=\"strict-origin-when-cross-origin\" allowfullscreen><\/iframe><\/p>\n<div>\n<p>Les quatre escoles que comen\u00e7aran el cam\u00ed son: Germanes Bertomeu, Meritxell, Thos i Codina i Mar Mediterr\u00e0nia.<\/p>\n<h3 style=\"text-align: center;\">SOM-HI!<\/h3>\n<p>&nbsp;<\/p>\n<\/div>\n","protected":false},"excerpt":{"rendered":"<p><a href=\"https:\/\/agora.xtec.cat\/ceipvistaalegre\/wp-content\/uploads\/usu1936\/2021\/04\/logo.png\"><\/a>Comencem el viatge!<br \/>\nEsportistes!! El proper 13 d\u2019abril donem el tret de sortida a 9 setmanes plenes d\u2019esport i activitats f\u00edsica que ens permetran sumar el m\u00e0xim n\u00famero de quil\u00f2metres per completar el recorregut que uneix Matar\u00f3 amb T\u00f2quio!<a href=\"https:\/\/agora.xtec.cat\/ceipvistaalegre\/wp-content\/uploads\/usu1936\/2021\/04\/mapa.jpg\"><\/a><br \/>\nLa Laia l\u2019Arquera te moltes ganes&hellip;  <a href=\"https:\/\/agora.xtec.cat\/ceipvistaalegre\/portada\/comenca-el-viatge\/\" title=\"Read Comen\u00e7a el viatge!\">Llegeix m\u00e9s\u00bb<\/a><\/p>\n","protected":false},"author":3,"featured_media":0,"comment_status":"open","ping_status":"closed","sticky":false,"template":"","format":"standard","meta":{"_bbp_topic_count":0,"_bbp_reply_count":0,"_bbp_total_topic_count":0,"_bbp_total_reply_count":0,"_bbp_voice_count":0,"_bbp_anonymous_reply_count":0,"_bbp_topic_count_hidden":0,"_bbp_reply_count_hidden":0,"_bbp_forum_subforum_count":0,"footnotes":""},"categories":[4],"tags":[],"class_list":["post-4473","post","type-post","status-publish","format-standard","hentry","category-portada"],"post_mailing_queue_ids":[],"_links":{"self":[{"href":"https:\/\/agora.xtec.cat\/ceipvistaalegre\/wp-json\/wp\/v2\/posts\/4473","targetHints":{"allow":["GET"]}}],"collection":[{"href":"https:\/\/agora.xtec.cat\/ceipvistaalegre\/wp-json\/wp\/v2\/posts"}],"about":[{"href":"https:\/\/agora.xtec.cat\/ceipvistaalegre\/wp-json\/wp\/v2\/types\/post"}],"author":[{"embeddable":true,"href":"https:\/\/agora.xtec.cat\/ceipvistaalegre\/wp-json\/wp\/v2\/users\/3"}],"replies":[{"embeddable":true,"href":"https:\/\/agora.xtec.cat\/ceipvistaalegre\/wp-json\/wp\/v2\/comments?post=4473"}],"version-history":[{"count":2,"href":"https:\/\/agora.xtec.cat\/ceipvistaalegre\/wp-json\/wp\/v2\/posts\/4473\/revisions"}],"predecessor-version":[{"id":4479,"href":"https:\/\/agora.xtec.cat\/ceipvistaalegre\/wp-json\/wp\/v2\/posts\/4473\/revisions\/4479"}],"wp:attachment":[{"href":"https:\/\/agora.xtec.cat\/ceipvistaalegre\/wp-json\/wp\/v2\/media?parent=4473"}],"wp:term":[{"taxonomy":"category","embeddable":true,"href":"https:\/\/agora.xtec.cat\/ceipvistaalegre\/wp-json\/wp\/v2\/categories?post=4473"},{"taxonomy":"post_tag","embeddable":true,"href":"https:\/\/agora.xtec.cat\/ceipvistaalegre\/wp-json\/wp\/v2\/tags?post=4473"}],"curies":[{"name":"wp","href":"https:\/\/api.w.org\/{rel}","templated":true}]}}