{"id":4460,"date":"2021-04-07T07:13:01","date_gmt":"2021-04-07T05:13:01","guid":{"rendered":"https:\/\/agora.xtec.cat\/ceipvistaalegre\/?p=4460"},"modified":"2021-04-07T07:13:11","modified_gmt":"2021-04-07T05:13:11","slug":"normes-i-limits-en-infants-de-3-a-6-anys","status":"publish","type":"post","link":"https:\/\/agora.xtec.cat\/ceipvistaalegre\/infantil\/normes-i-limits-en-infants-de-3-a-6-anys\/","title":{"rendered":"Normes i l\u00edmits en infants de 3 a 6 anys"},"content":{"rendered":"<h4 style=\"text-align: center;\">&#8220;Normes i l\u00edmits en infants de 3 a 6 anys&#8221;<\/h4>\n<p class=\"m_9008779109669697004Default\">L&#8217;escola J.M. Peram\u00e0s, ha organitzat la xerrada telem\u00e0tica &#8220;Normes i l\u00edmits en infants de 3 a 6 anys&#8221; destinada a fam\u00edlies d&#8217;educaci\u00f3 infantil. Tindr\u00e0 lloc el proper <strong>dilluns 12 d\u00b4abril<\/strong> a les <strong>17:00<\/strong> dins de la programaci\u00f3 d&#8217;oferta formativa per a fam\u00edlies. Ser\u00e0 a c\u00e0rrec de l&#8217;Andreina Perozo (psic\u00f2loga general sanit\u00e0ria del servei de psicologia infantil i juvenil de la Fundaci\u00f3 Hospital Sant Jaume i Santa Magdalena).<u><\/u><u><\/u><\/p>\n<p class=\"m_9008779109669697004xmsonormal\"><u><\/u>Tindr\u00e0 una durada aproximada d&#8217;una hora i mitja.<\/p>\n<p>Per connectar-vos, ho heu de fer a trav\u00e9s del seg\u00fcent enlla\u00e7: <a href=\"http:\/\/meet.google.com\/bxs-ibvb-mwv\">XERRADA<\/a><\/p>\n<p><a href=\"https:\/\/agora.xtec.cat\/ceipvistaalegre\/wp-content\/uploads\/usu1936\/2021\/04\/Xerrada-normes-i-l\u00edmits.jpg\"><img loading=\"lazy\" decoding=\"async\" class=\" wp-image-4462 aligncenter\" src=\"https:\/\/agora.xtec.cat\/ceipvistaalegre\/wp-content\/uploads\/usu1936\/2021\/04\/Xerrada-normes-i-l\u00edmits-724x1024.jpg\" alt=\"\" width=\"502\" height=\"710\" \/><\/a><\/p>\n","protected":false},"excerpt":{"rendered":"<p>&#8220;Normes i l\u00edmits en infants de 3 a 6 anys&#8221;<br \/>\nL&#8217;escola J.M. Peram\u00e0s, ha organitzat la xerrada telem\u00e0tica &#8220;Normes i l\u00edmits en infants de 3 a 6 anys&#8221; destinada a fam\u00edlies d&#8217;educaci\u00f3 infantil. Tindr\u00e0 lloc el proper dilluns 12 d\u00b4abril a les 17:00 dins de la&hellip;  <a href=\"https:\/\/agora.xtec.cat\/ceipvistaalegre\/infantil\/normes-i-limits-en-infants-de-3-a-6-anys\/\" title=\"Read Normes i l\u00edmits en infants de 3 a 6 anys\">Llegeix m\u00e9s\u00bb<\/a><\/p>\n","protected":false},"author":3,"featured_media":0,"comment_status":"open","ping_status":"closed","sticky":false,"template":"","format":"standard","meta":{"_bbp_topic_count":0,"_bbp_reply_count":0,"_bbp_total_topic_count":0,"_bbp_total_reply_count":0,"_bbp_voice_count":0,"_bbp_anonymous_reply_count":0,"_bbp_topic_count_hidden":0,"_bbp_reply_count_hidden":0,"_bbp_forum_subforum_count":0,"footnotes":""},"categories":[2,4],"tags":[],"class_list":["post-4460","post","type-post","status-publish","format-standard","hentry","category-infantil","category-portada"],"post_mailing_queue_ids":[],"_links":{"self":[{"href":"https:\/\/agora.xtec.cat\/ceipvistaalegre\/wp-json\/wp\/v2\/posts\/4460","targetHints":{"allow":["GET"]}}],"collection":[{"href":"https:\/\/agora.xtec.cat\/ceipvistaalegre\/wp-json\/wp\/v2\/posts"}],"about":[{"href":"https:\/\/agora.xtec.cat\/ceipvistaalegre\/wp-json\/wp\/v2\/types\/post"}],"author":[{"embeddable":true,"href":"https:\/\/agora.xtec.cat\/ceipvistaalegre\/wp-json\/wp\/v2\/users\/3"}],"replies":[{"embeddable":true,"href":"https:\/\/agora.xtec.cat\/ceipvistaalegre\/wp-json\/wp\/v2\/comments?post=4460"}],"version-history":[{"count":1,"href":"https:\/\/agora.xtec.cat\/ceipvistaalegre\/wp-json\/wp\/v2\/posts\/4460\/revisions"}],"predecessor-version":[{"id":4463,"href":"https:\/\/agora.xtec.cat\/ceipvistaalegre\/wp-json\/wp\/v2\/posts\/4460\/revisions\/4463"}],"wp:attachment":[{"href":"https:\/\/agora.xtec.cat\/ceipvistaalegre\/wp-json\/wp\/v2\/media?parent=4460"}],"wp:term":[{"taxonomy":"category","embeddable":true,"href":"https:\/\/agora.xtec.cat\/ceipvistaalegre\/wp-json\/wp\/v2\/categories?post=4460"},{"taxonomy":"post_tag","embeddable":true,"href":"https:\/\/agora.xtec.cat\/ceipvistaalegre\/wp-json\/wp\/v2\/tags?post=4460"}],"curies":[{"name":"wp","href":"https:\/\/api.w.org\/{rel}","templated":true}]}}