{"id":4411,"date":"2021-03-26T17:00:54","date_gmt":"2021-03-26T16:00:54","guid":{"rendered":"https:\/\/agora.xtec.cat\/ceipvistaalegre\/?p=4411"},"modified":"2021-03-26T13:45:27","modified_gmt":"2021-03-26T12:45:27","slug":"final-2n-trimestre","status":"publish","type":"post","link":"https:\/\/agora.xtec.cat\/ceipvistaalegre\/portada\/final-2n-trimestre\/","title":{"rendered":"Final 2n trimestre"},"content":{"rendered":"<p><span style=\"font-weight: 400;\">Tanquem el 2n trimestre del curs m\u00e9s estrany de la hist\u00f2ria. Un trimestre farcit de confinaments individuals i algun que altre grupal, on la resist\u00e8ncia i la const\u00e0ncia han estat protagonistes. No hem baixat la gu\u00e0rdia i hem seguit amb els protocols estrictes que ja vam instaurar al setembre.\u00a0<\/span><\/p>\n<p><span style=\"font-weight: 400;\">I aqu\u00ed seguim, al peu del can\u00f3: docents, alumnes, fam\u00edlies i tot el personal que fa possible que l\u2019engranatge de l\u2019escola no s\u2019aturi, malgrat les dificultats: monitors de menjador, personal d\u2019administraci\u00f3 i serveis, i sobretot, personal de neteja, que mereixen una menci\u00f3 especial per tota la feina que estan fent.<\/span><\/p>\n<p><span style=\"font-weight: 400;\">Un trimestre ple d\u2019alts i baixos pel desgast que provoca la situaci\u00f3, per\u00f2 que ens ha perm\u00e8s constatar:<\/span><\/p>\n<ul>\n<li style=\"font-weight: 400;\" aria-level=\"1\"><span style=\"font-weight: 400;\">Que la rutina \u00e9s una arma poderosa que ajuda a mantenir l\u2019equilibri i a no defallir. Saber que tenim uns horaris i unes obligacions per complir ajuda a tenir en cap centrar i no caure en el des\u00e0nim.<\/span><\/li>\n<li style=\"font-weight: 400;\" aria-level=\"1\"><span style=\"font-weight: 400;\">Que les dificultats es superen millor quan tots lluitem units.<\/span><\/li>\n<li style=\"font-weight: 400;\" aria-level=\"1\"><span style=\"font-weight: 400;\">Que els mestres i els alumnes tenim una gran capacitat d\u2019adaptaci\u00f3.<\/span><\/li>\n<li style=\"font-weight: 400;\" aria-level=\"1\"><span style=\"font-weight: 400;\">Que cuidar-nos i cuidar dels altres \u00e9s fonamental.<\/span><\/li>\n<li style=\"font-weight: 400;\" aria-level=\"1\"><span style=\"font-weight: 400;\">Que el sentit de l\u2019humor \u00e9s indispensable per viure de la millor manera possible.<\/span><\/li>\n<li style=\"font-weight: 400;\" aria-level=\"1\"><span style=\"font-weight: 400;\">Que la salut \u00e9s, sense cap mena de dubtes, el m\u00e9s important.<\/span><\/li>\n<\/ul>\n<p><span style=\"font-weight: 400;\">Dia a dia hem anat fent cam\u00ed. Hem procurat combinar les classes presencials amb els confinaments individuals o grupals. Hem donat resposta a unes programacions que hem ajustat a la situaci\u00f3. Hem intentat que la vida a l\u2019escola transcorregu\u00e9 amb la m\u00e0xima normalitat possible. Els nostres nens i nenes han contribu\u00eft a fer-ho f\u00e0cil.<\/span><\/p>\n<p><span style=\"font-weight: 400;\">Ara toca gaudir d\u2019uns dies de descans. Responsabilitat i consci\u00e8ncia.<\/span><\/p>\n<p><span style=\"font-weight: 400;\">Com sempre, agrair la vostra confian\u00e7a, col\u00b7laboraci\u00f3 i esfor\u00e7 al llarg d\u2019aquest temps.<\/span><\/p>\n<p><span style=\"font-weight: 400;\">Cuideu-vos molt! Ens veiem el proper 6 d\u2019abril.<\/span><\/p>\n<p style=\"text-align: left;\"><span style=\"font-weight: 400;\">Atentament,<\/span><\/p>\n<p style=\"text-align: left;\"><span style=\"font-weight: 400;\">L\u2019equip de mestres<\/span><\/p>\n<p style=\"text-align: left;\"><a href=\"https:\/\/agora.xtec.cat\/ceipvistaalegre\/wp-content\/uploads\/usu1936\/2021\/03\/primavera-2020.jpg\"><img loading=\"lazy\" decoding=\"async\" class=\"wp-image-4412 aligncenter\" src=\"https:\/\/agora.xtec.cat\/ceipvistaalegre\/wp-content\/uploads\/usu1936\/2021\/03\/primavera-2020.jpg\" alt=\"\" width=\"348\" height=\"245\" \/><\/a><\/p>\n","protected":false},"excerpt":{"rendered":"<p>Tanquem el 2n trimestre del curs m\u00e9s estrany de la hist\u00f2ria. Un trimestre farcit de confinaments individuals i algun que altre grupal, on la resist\u00e8ncia i la const\u00e0ncia han estat protagonistes. No hem baixat la gu\u00e0rdia i hem seguit amb els protocols estrictes que ja&hellip;  <a href=\"https:\/\/agora.xtec.cat\/ceipvistaalegre\/portada\/final-2n-trimestre\/\" title=\"Read Final 2n trimestre\">Llegeix m\u00e9s\u00bb<\/a><\/p>\n","protected":false},"author":3,"featured_media":0,"comment_status":"open","ping_status":"closed","sticky":false,"template":"","format":"standard","meta":{"_bbp_topic_count":0,"_bbp_reply_count":0,"_bbp_total_topic_count":0,"_bbp_total_reply_count":0,"_bbp_voice_count":0,"_bbp_anonymous_reply_count":0,"_bbp_topic_count_hidden":0,"_bbp_reply_count_hidden":0,"_bbp_forum_subforum_count":0,"footnotes":""},"categories":[4],"tags":[],"class_list":["post-4411","post","type-post","status-publish","format-standard","hentry","category-portada"],"post_mailing_queue_ids":[],"_links":{"self":[{"href":"https:\/\/agora.xtec.cat\/ceipvistaalegre\/wp-json\/wp\/v2\/posts\/4411","targetHints":{"allow":["GET"]}}],"collection":[{"href":"https:\/\/agora.xtec.cat\/ceipvistaalegre\/wp-json\/wp\/v2\/posts"}],"about":[{"href":"https:\/\/agora.xtec.cat\/ceipvistaalegre\/wp-json\/wp\/v2\/types\/post"}],"author":[{"embeddable":true,"href":"https:\/\/agora.xtec.cat\/ceipvistaalegre\/wp-json\/wp\/v2\/users\/3"}],"replies":[{"embeddable":true,"href":"https:\/\/agora.xtec.cat\/ceipvistaalegre\/wp-json\/wp\/v2\/comments?post=4411"}],"version-history":[{"count":1,"href":"https:\/\/agora.xtec.cat\/ceipvistaalegre\/wp-json\/wp\/v2\/posts\/4411\/revisions"}],"predecessor-version":[{"id":4413,"href":"https:\/\/agora.xtec.cat\/ceipvistaalegre\/wp-json\/wp\/v2\/posts\/4411\/revisions\/4413"}],"wp:attachment":[{"href":"https:\/\/agora.xtec.cat\/ceipvistaalegre\/wp-json\/wp\/v2\/media?parent=4411"}],"wp:term":[{"taxonomy":"category","embeddable":true,"href":"https:\/\/agora.xtec.cat\/ceipvistaalegre\/wp-json\/wp\/v2\/categories?post=4411"},{"taxonomy":"post_tag","embeddable":true,"href":"https:\/\/agora.xtec.cat\/ceipvistaalegre\/wp-json\/wp\/v2\/tags?post=4411"}],"curies":[{"name":"wp","href":"https:\/\/api.w.org\/{rel}","templated":true}]}}