{"id":4391,"date":"2021-03-25T20:46:13","date_gmt":"2021-03-25T19:46:13","guid":{"rendered":"https:\/\/agora.xtec.cat\/ceipvistaalegre\/?p=4391"},"modified":"2021-03-27T12:53:49","modified_gmt":"2021-03-27T11:53:49","slug":"projecte-la-ciutat-de-mataro","status":"publish","type":"post","link":"https:\/\/agora.xtec.cat\/ceipvistaalegre\/primaria\/5e\/projecte-la-ciutat-de-mataro\/","title":{"rendered":"PROJECTE: LA CIUTAT DE MATAR\u00d3"},"content":{"rendered":"<p>Al llarg d&#8217;aquesta setmana han exposat el projecte de Matar\u00f3, hem apr\u00e8s moltes coses sobre la nostra ciutat.<\/p>\n<p>S&#8217;ha tractat diferents punts: Les Santes, la hist\u00f2ria, els barris, les escoles, les ind\u00fastries, la gastronomia, personatges famosos, gravaci\u00f3 de pel\u00b7l\u00edcules, monuments importants, parcs m\u00e9s coneguts, la poblaci\u00f3, universitats i teatres.<\/p>\n<p>S&#8217;ha fet una feina EXCEL\u00b7LENT!<\/p>\n<p><img loading=\"lazy\" decoding=\"async\" class=\"alignnone wp-image-4392\" src=\"https:\/\/agora.xtec.cat\/ceipvistaalegre\/wp-content\/uploads\/usu1936\/2021\/03\/WhatsApp-Image-2021-03-25-at-20.10.10-1024x768.jpeg\" alt=\"\" width=\"336\" height=\"252\" \/>\u00a0\u00a0<img loading=\"lazy\" decoding=\"async\" class=\"alignnone wp-image-4393\" src=\"https:\/\/agora.xtec.cat\/ceipvistaalegre\/wp-content\/uploads\/usu1936\/2021\/03\/WhatsApp-Image-2021-03-25-at-20.10.10-1-1024x768.jpeg\" alt=\"\" width=\"340\" height=\"255\" \/>\u00a0\u00a0<img loading=\"lazy\" decoding=\"async\" class=\"alignnone wp-image-4394\" src=\"https:\/\/agora.xtec.cat\/ceipvistaalegre\/wp-content\/uploads\/usu1936\/2021\/03\/WhatsApp-Image-2021-03-25-at-20.10.10-2-1024x768.jpeg\" alt=\"\" width=\"338\" height=\"253\" \/>\u00a0 <img loading=\"lazy\" decoding=\"async\" class=\"alignnone wp-image-4395\" src=\"https:\/\/agora.xtec.cat\/ceipvistaalegre\/wp-content\/uploads\/usu1936\/2021\/03\/WhatsApp-Image-2021-03-25-at-20.10.11-1024x768.jpeg\" alt=\"\" width=\"332\" height=\"249\" \/>\u00a0\u00a0<img loading=\"lazy\" decoding=\"async\" class=\"alignnone wp-image-4396\" src=\"https:\/\/agora.xtec.cat\/ceipvistaalegre\/wp-content\/uploads\/usu1936\/2021\/03\/WhatsApp-Image-2021-03-25-at-20.10.12-768x1024.jpeg\" alt=\"\" width=\"307\" height=\"409\" \/>\u00a0\u00a0<img loading=\"lazy\" decoding=\"async\" class=\"alignnone wp-image-4397\" src=\"https:\/\/agora.xtec.cat\/ceipvistaalegre\/wp-content\/uploads\/usu1936\/2021\/03\/WhatsApp-Image-2021-03-25-at-20.10.13-1024x768.jpeg\" alt=\"\" width=\"477\" height=\"358\" \/>\u00a0\u00a0<img loading=\"lazy\" decoding=\"async\" class=\"alignnone wp-image-4398\" src=\"https:\/\/agora.xtec.cat\/ceipvistaalegre\/wp-content\/uploads\/usu1936\/2021\/03\/WhatsApp-Image-2021-03-25-at-20.10.12-1-1024x768.jpeg\" alt=\"\" width=\"467\" height=\"350\" \/>\u00a0\u00a0<img loading=\"lazy\" decoding=\"async\" class=\"alignnone wp-image-4399\" src=\"https:\/\/agora.xtec.cat\/ceipvistaalegre\/wp-content\/uploads\/usu1936\/2021\/03\/WhatsApp-Image-2021-03-25-at-20.10.14-1024x768.jpeg\" alt=\"\" width=\"370\" height=\"278\" \/>\u00a0\u00a0<img loading=\"lazy\" decoding=\"async\" class=\"alignnone wp-image-4400\" src=\"https:\/\/agora.xtec.cat\/ceipvistaalegre\/wp-content\/uploads\/usu1936\/2021\/03\/WhatsApp-Image-2021-03-25-at-20.10.15-1024x768.jpeg\" alt=\"\" width=\"376\" height=\"282\" \/>\u00a0\u00a0<img loading=\"lazy\" decoding=\"async\" class=\"alignnone wp-image-4401\" src=\"https:\/\/agora.xtec.cat\/ceipvistaalegre\/wp-content\/uploads\/usu1936\/2021\/03\/WhatsApp-Image-2021-03-25-at-20.10.17-1024x768.jpeg\" alt=\"\" width=\"382\" height=\"287\" \/>\u00a0\u00a0<img loading=\"lazy\" decoding=\"async\" class=\"alignnone wp-image-4402\" src=\"https:\/\/agora.xtec.cat\/ceipvistaalegre\/wp-content\/uploads\/usu1936\/2021\/03\/WhatsApp-Image-2021-03-25-at-20.40.34-1024x768.jpeg\" alt=\"\" width=\"362\" height=\"271\" \/>\u00a0\u00a0<img loading=\"lazy\" decoding=\"async\" class=\"alignnone wp-image-4403\" src=\"https:\/\/agora.xtec.cat\/ceipvistaalegre\/wp-content\/uploads\/usu1936\/2021\/03\/WhatsApp-Image-2021-03-25-at-20.40.35-1024x768.jpeg\" alt=\"\" width=\"362\" height=\"271\" \/>\u00a0\u00a0<img loading=\"lazy\" decoding=\"async\" class=\"alignnone wp-image-4404\" src=\"https:\/\/agora.xtec.cat\/ceipvistaalegre\/wp-content\/uploads\/usu1936\/2021\/03\/WhatsApp-Image-2021-03-25-at-20.40.35-1-1024x768.jpeg\" alt=\"\" width=\"356\" height=\"267\" \/>\u00a0\u00a0<img loading=\"lazy\" decoding=\"async\" class=\"alignnone wp-image-4405\" src=\"https:\/\/agora.xtec.cat\/ceipvistaalegre\/wp-content\/uploads\/usu1936\/2021\/03\/WhatsApp-Image-2021-03-25-at-20.40.36-1024x768.jpeg\" alt=\"\" width=\"377\" height=\"283\" \/><\/p>\n<p>&nbsp;<\/p>\n","protected":false},"excerpt":{"rendered":"<p>Al llarg d&#8217;aquesta setmana han exposat el projecte de Matar\u00f3, hem apr\u00e8s moltes coses sobre la nostra ciutat.<br \/>\nS&#8217;ha tractat diferents punts: Les Santes, la hist\u00f2ria, els barris, les escoles, les ind\u00fastries, la gastronomia, personatges famosos, gravaci\u00f3 de pel\u00b7l\u00edcules, monuments importants, parcs m\u00e9s coneguts, la poblaci\u00f3,&hellip;  <a href=\"https:\/\/agora.xtec.cat\/ceipvistaalegre\/primaria\/5e\/projecte-la-ciutat-de-mataro\/\" title=\"Read PROJECTE: LA CIUTAT DE MATAR\u00d3\">Llegeix m\u00e9s\u00bb<\/a><\/p>\n","protected":false},"author":18,"featured_media":0,"comment_status":"open","ping_status":"closed","sticky":false,"template":"","format":"standard","meta":{"_bbp_topic_count":0,"_bbp_reply_count":0,"_bbp_total_topic_count":0,"_bbp_total_reply_count":0,"_bbp_voice_count":0,"_bbp_anonymous_reply_count":0,"_bbp_topic_count_hidden":0,"_bbp_reply_count_hidden":0,"_bbp_forum_subforum_count":0,"footnotes":""},"categories":[14],"tags":[],"class_list":["post-4391","post","type-post","status-publish","format-standard","hentry","category-5e"],"post_mailing_queue_ids":[],"_links":{"self":[{"href":"https:\/\/agora.xtec.cat\/ceipvistaalegre\/wp-json\/wp\/v2\/posts\/4391","targetHints":{"allow":["GET"]}}],"collection":[{"href":"https:\/\/agora.xtec.cat\/ceipvistaalegre\/wp-json\/wp\/v2\/posts"}],"about":[{"href":"https:\/\/agora.xtec.cat\/ceipvistaalegre\/wp-json\/wp\/v2\/types\/post"}],"author":[{"embeddable":true,"href":"https:\/\/agora.xtec.cat\/ceipvistaalegre\/wp-json\/wp\/v2\/users\/18"}],"replies":[{"embeddable":true,"href":"https:\/\/agora.xtec.cat\/ceipvistaalegre\/wp-json\/wp\/v2\/comments?post=4391"}],"version-history":[{"count":1,"href":"https:\/\/agora.xtec.cat\/ceipvistaalegre\/wp-json\/wp\/v2\/posts\/4391\/revisions"}],"predecessor-version":[{"id":4406,"href":"https:\/\/agora.xtec.cat\/ceipvistaalegre\/wp-json\/wp\/v2\/posts\/4391\/revisions\/4406"}],"wp:attachment":[{"href":"https:\/\/agora.xtec.cat\/ceipvistaalegre\/wp-json\/wp\/v2\/media?parent=4391"}],"wp:term":[{"taxonomy":"category","embeddable":true,"href":"https:\/\/agora.xtec.cat\/ceipvistaalegre\/wp-json\/wp\/v2\/categories?post=4391"},{"taxonomy":"post_tag","embeddable":true,"href":"https:\/\/agora.xtec.cat\/ceipvistaalegre\/wp-json\/wp\/v2\/tags?post=4391"}],"curies":[{"name":"wp","href":"https:\/\/api.w.org\/{rel}","templated":true}]}}