{"id":4389,"date":"2021-03-26T14:29:23","date_gmt":"2021-03-26T13:29:23","guid":{"rendered":"https:\/\/agora.xtec.cat\/ceipvistaalegre\/?p=4389"},"modified":"2021-12-19T12:02:15","modified_gmt":"2021-12-19T11:02:15","slug":"primera-collita-deducacio-infantil","status":"publish","type":"post","link":"https:\/\/agora.xtec.cat\/ceipvistaalegre\/general\/primera-collita-deducacio-infantil\/","title":{"rendered":"PRIMERA COLLITA D&#8217;EDUCACI\u00d3 INFANTIL"},"content":{"rendered":"<p>Els nens i les nenes de P-3, P-4 i P5 han collit els p\u00e8sols i els porros que havien plantat a comen\u00e7ament de curs.<\/p>\n<p>La majoria dels porros han crescut i s\u2019han engreixat molt. Han deixat plantats\u00a0 alguns porros que encara eren prims.<\/p>\n<p>Avui, els\u00a0 i les alumnes de les classes de les vaques i dels gegants de Matar\u00f3 han marxat a casa amb un farcellet de porros.<\/p>\n<p>Els i les alumnes de la classe dels dofins han collit els p\u00e8sols. Han pogut agafar algunes baines de les pesoleres, perqu\u00e8 la planta estava en mal estat. Tot i que els nens i les nenes l\u2019han cuidat amb dedicaci\u00f3 i estima. Per\u00f2 han pogut fer l&#8217;observaci\u00f3 del proc\u00e9s de creixement d&#8217;una pesolera.<\/p>\n<p>Si voleu veure les fotos de la collita cliqueu a la paraula <a href=\"https:\/\/drive.google.com\/drive\/folders\/1r1M5-q3ne_uCQUQFGtPi7B7ZSDZCefuo?usp=sharing\">COLLITA<\/a><\/p>\n","protected":false},"excerpt":{"rendered":"<p>Els nens i les nenes de P-3, P-4 i P5 han collit els p\u00e8sols i els porros que havien plantat a comen\u00e7ament de curs.<br \/>\nLa majoria dels porros han crescut i s\u2019han engreixat molt. Han deixat plantats\u00a0 alguns porros que encara eren prims.<br \/>\nAvui, els\u00a0 i les&hellip;  <a href=\"https:\/\/agora.xtec.cat\/ceipvistaalegre\/general\/primera-collita-deducacio-infantil\/\" title=\"Read PRIMERA COLLITA D&#8217;EDUCACI\u00d3 INFANTIL\">Llegeix m\u00e9s\u00bb<\/a><\/p>\n","protected":false},"author":15,"featured_media":0,"comment_status":"open","ping_status":"closed","sticky":false,"template":"","format":"standard","meta":{"_bbp_topic_count":0,"_bbp_reply_count":0,"_bbp_total_topic_count":0,"_bbp_total_reply_count":0,"_bbp_voice_count":0,"_bbp_anonymous_reply_count":0,"_bbp_topic_count_hidden":0,"_bbp_reply_count_hidden":0,"_bbp_forum_subforum_count":0,"footnotes":""},"categories":[1,3,8,225,2],"tags":[],"class_list":["post-4389","post","type-post","status-publish","format-standard","hentry","category-general","category-infantil-3-anys","category-infantil-4-anys","category-infantil-5-anys","category-infantil"],"post_mailing_queue_ids":[],"_links":{"self":[{"href":"https:\/\/agora.xtec.cat\/ceipvistaalegre\/wp-json\/wp\/v2\/posts\/4389","targetHints":{"allow":["GET"]}}],"collection":[{"href":"https:\/\/agora.xtec.cat\/ceipvistaalegre\/wp-json\/wp\/v2\/posts"}],"about":[{"href":"https:\/\/agora.xtec.cat\/ceipvistaalegre\/wp-json\/wp\/v2\/types\/post"}],"author":[{"embeddable":true,"href":"https:\/\/agora.xtec.cat\/ceipvistaalegre\/wp-json\/wp\/v2\/users\/15"}],"replies":[{"embeddable":true,"href":"https:\/\/agora.xtec.cat\/ceipvistaalegre\/wp-json\/wp\/v2\/comments?post=4389"}],"version-history":[{"count":3,"href":"https:\/\/agora.xtec.cat\/ceipvistaalegre\/wp-json\/wp\/v2\/posts\/4389\/revisions"}],"predecessor-version":[{"id":4416,"href":"https:\/\/agora.xtec.cat\/ceipvistaalegre\/wp-json\/wp\/v2\/posts\/4389\/revisions\/4416"}],"wp:attachment":[{"href":"https:\/\/agora.xtec.cat\/ceipvistaalegre\/wp-json\/wp\/v2\/media?parent=4389"}],"wp:term":[{"taxonomy":"category","embeddable":true,"href":"https:\/\/agora.xtec.cat\/ceipvistaalegre\/wp-json\/wp\/v2\/categories?post=4389"},{"taxonomy":"post_tag","embeddable":true,"href":"https:\/\/agora.xtec.cat\/ceipvistaalegre\/wp-json\/wp\/v2\/tags?post=4389"}],"curies":[{"name":"wp","href":"https:\/\/api.w.org\/{rel}","templated":true}]}}