{"id":4386,"date":"2021-03-25T17:03:54","date_gmt":"2021-03-25T16:03:54","guid":{"rendered":"https:\/\/agora.xtec.cat\/ceipvistaalegre\/?p=4386"},"modified":"2021-03-25T17:04:28","modified_gmt":"2021-03-25T16:04:28","slug":"comunicat-escoles-publiques-de-mataro","status":"publish","type":"post","link":"https:\/\/agora.xtec.cat\/ceipvistaalegre\/portada\/comunicat-escoles-publiques-de-mataro\/","title":{"rendered":"Comunicat escoles p\u00fabliques de Matar\u00f3"},"content":{"rendered":"<h4 style=\"text-align: left;\"><b><i>L\u2019escola Vista Alegre, conjuntament amb la resta d\u2019escoles p\u00fabliques de Matar\u00f3, volem expressar el nostre malestar i indignaci\u00f3 davant l\u2019allau de robatoris que s\u2019han anat produint al llarg dels \u00faltims mesos a diferents escoles de la ciutat.<\/i><\/b><\/h4>\n<p>&nbsp;<\/p>\n<p><b>NOTA DE PREMSA<\/b><\/p>\n<p><span style=\"font-weight: 400;\">Benvolguts\/des,<\/span><\/p>\n<p><span style=\"font-weight: 400;\">Les direccions del centres p\u00fablics de prim\u00e0ria de la ciutat de Matar\u00f3 <\/span><b>volem denunciar l\u2019onada de robatoris que actualment estan patint els nostres centres<\/b><span style=\"font-weight: 400;\"> i que afecten greument als nostres projectes educatius i, sobretot, al nostre alumnat que en rep directament els seus efectes.<\/span><\/p>\n<p><span style=\"font-weight: 400;\">El material inform\u00e0tic robat es va adquirir fruit d\u2019anys d\u2019estalvi per part dels centres educatius i de l\u2019esfor\u00e7 del Departament d\u2019Educaci\u00f3 per tal de compensar els efectes de l\u2019actual pand\u00e8mia i les desigualtats que ha provocat. En poques setmanes els centres educatius s\u2019han vist privats de la totalitat o gran part d\u2019aquest material inform\u00e0tic. Aix\u00f2 posa en risc les planificacions educatives previstes per aquest curs, que necessiten aquest material per dur a terme les activitats d\u2019ensenyament-aprenentatge contextualitzades en la realitat digital que ens envolta.\u00a0<\/span><\/p>\n<p><b>\u00c9s indispensable que l\u2019aprenentatge de l\u2019alumnat de la nostra ciutat sigui una absoluta prioritat<\/b><span style=\"font-weight: 400;\">, ara i sempre, ja que no hem d\u2019oblidar que la qualitat d\u2019una societat es mesura per la cura i l\u2019educaci\u00f3 de les generacions futures. Per\u00f2 la urg\u00e8ncia d\u2019oferir les m\u00e0ximes oportunitats d\u2019aprenentatge ho \u00e9s encara m\u00e9s en el\u00a0<\/span><span style=\"font-weight: 400;\">context actual, en el que els nostres infants i adolescents que porten un any vivint situacions de privaci\u00f3 i realitats que en alguns casos estan arribant a ser dur\u00edssimes.<\/span><\/p>\n<p><span style=\"font-weight: 400;\">Davant d\u2019aquesta situaci\u00f3 d\u2019indefensi\u00f3 pels atacs continus a les nostres comunitats educatives <\/span><b>\u00e9s necessari que les administracions responsables (Ajuntament i Departament d\u2019Educaci\u00f3) actu\u00efn amb urg\u00e8ncia i celeritat<\/b><span style=\"font-weight: 400;\">. Cal millorar la seguretat als centres, i que tota la ciutat sigui coneixedora d\u2019aquests fets i estigui amatent per frustrar possibles nous actes d\u2019aquesta mena. Cal que els infants i les seves fam\u00edlies puguin estar tranquils i gaudint aquests equipaments, i que els centres puguem portar a terme els nostres projectes educatius sense infer\u00e8ncies externes que pertorben les din\u00e0miques d\u2019aprenentatge. Necessitem solucions efectives i les necessitem ara.\u00a0<\/span><\/p>\n<p><span style=\"font-weight: 400;\">Amb tot, les escoles p\u00fabliques de Matar\u00f3 tenim clar que a partir d\u2019avui les nostres escoles seran espais segurs pels nostres materials, per les nostres fam\u00edlies i per tots els nostres ciutadans. Estem segurs que les administracions agafaran el comprom\u00eds d\u2019invertir en la seguretat de les seves escoles, aquelles que dia darrera dia s&#8217;aixequen per donar un futur millor als seus alumnes i que mai deixen a ning\u00fa enrere.<\/span><\/p>\n<h3><b>PROU robatoris a les escoles de la ciutat.\u00a0<\/b><\/h3>\n<h3><b>PROU robar el futur als nostres infants!<\/b><\/h3>\n<p><span style=\"font-weight: 400;\">Cordialment,<\/span><\/p>\n<p><span style=\"font-weight: 400;\">Junta de directors\/es dels centres p\u00fablics de la ciutat de Matar\u00f3<\/span><\/p>\n<p><a href=\"https:\/\/agora.xtec.cat\/ceipvistaalegre\/wp-content\/uploads\/usu1936\/2021\/03\/36fbcbec095892725808c2a9cd143127.jpg\"><img loading=\"lazy\" decoding=\"async\" class=\" wp-image-4387 aligncenter\" src=\"https:\/\/agora.xtec.cat\/ceipvistaalegre\/wp-content\/uploads\/usu1936\/2021\/03\/36fbcbec095892725808c2a9cd143127.jpg\" alt=\"\" width=\"322\" height=\"311\" \/><\/a><\/p>\n","protected":false},"excerpt":{"rendered":"<p>L\u2019escola Vista Alegre, conjuntament amb la resta d\u2019escoles p\u00fabliques de Matar\u00f3, volem expressar el nostre malestar i indignaci\u00f3 davant l\u2019allau de robatoris que s\u2019han anat produint al llarg dels \u00faltims mesos a diferents escoles de la ciutat.<br \/>\n&nbsp;<br \/>\nNOTA DE PREMSA<br \/>\nBenvolguts\/des,<br \/>\nLes direccions del centres p\u00fablics de prim\u00e0ria&hellip;  <a href=\"https:\/\/agora.xtec.cat\/ceipvistaalegre\/portada\/comunicat-escoles-publiques-de-mataro\/\" title=\"Read Comunicat escoles p\u00fabliques de Matar\u00f3\">Llegeix m\u00e9s\u00bb<\/a><\/p>\n","protected":false},"author":3,"featured_media":0,"comment_status":"open","ping_status":"closed","sticky":false,"template":"","format":"standard","meta":{"_bbp_topic_count":0,"_bbp_reply_count":0,"_bbp_total_topic_count":0,"_bbp_total_reply_count":0,"_bbp_voice_count":0,"_bbp_anonymous_reply_count":0,"_bbp_topic_count_hidden":0,"_bbp_reply_count_hidden":0,"_bbp_forum_subforum_count":0,"footnotes":""},"categories":[4],"tags":[],"class_list":["post-4386","post","type-post","status-publish","format-standard","hentry","category-portada"],"post_mailing_queue_ids":[],"_links":{"self":[{"href":"https:\/\/agora.xtec.cat\/ceipvistaalegre\/wp-json\/wp\/v2\/posts\/4386","targetHints":{"allow":["GET"]}}],"collection":[{"href":"https:\/\/agora.xtec.cat\/ceipvistaalegre\/wp-json\/wp\/v2\/posts"}],"about":[{"href":"https:\/\/agora.xtec.cat\/ceipvistaalegre\/wp-json\/wp\/v2\/types\/post"}],"author":[{"embeddable":true,"href":"https:\/\/agora.xtec.cat\/ceipvistaalegre\/wp-json\/wp\/v2\/users\/3"}],"replies":[{"embeddable":true,"href":"https:\/\/agora.xtec.cat\/ceipvistaalegre\/wp-json\/wp\/v2\/comments?post=4386"}],"version-history":[{"count":1,"href":"https:\/\/agora.xtec.cat\/ceipvistaalegre\/wp-json\/wp\/v2\/posts\/4386\/revisions"}],"predecessor-version":[{"id":4388,"href":"https:\/\/agora.xtec.cat\/ceipvistaalegre\/wp-json\/wp\/v2\/posts\/4386\/revisions\/4388"}],"wp:attachment":[{"href":"https:\/\/agora.xtec.cat\/ceipvistaalegre\/wp-json\/wp\/v2\/media?parent=4386"}],"wp:term":[{"taxonomy":"category","embeddable":true,"href":"https:\/\/agora.xtec.cat\/ceipvistaalegre\/wp-json\/wp\/v2\/categories?post=4386"},{"taxonomy":"post_tag","embeddable":true,"href":"https:\/\/agora.xtec.cat\/ceipvistaalegre\/wp-json\/wp\/v2\/tags?post=4386"}],"curies":[{"name":"wp","href":"https:\/\/api.w.org\/{rel}","templated":true}]}}