{"id":4356,"date":"2021-03-15T22:56:06","date_gmt":"2021-03-15T21:56:06","guid":{"rendered":"https:\/\/agora.xtec.cat\/ceipvistaalegre\/?p=4356"},"modified":"2021-03-27T12:56:14","modified_gmt":"2021-03-27T11:56:14","slug":"sortida-centre-de-mataro","status":"publish","type":"post","link":"https:\/\/agora.xtec.cat\/ceipvistaalegre\/primaria\/5e\/sortida-centre-de-mataro\/","title":{"rendered":"SORTIDA CENTRE DE MATAR\u00d3"},"content":{"rendered":"<p>Fa unes quantes setmanes, els nens i nenes de cinqu\u00e8 han estat treballant un projecte que es diu &#8220;la ciutat de Matar\u00f3&#8221;.\u00a0 Avui s&#8217;ha fet una sortida a peu pel centre de Matar\u00f3, hem vist l&#8217;antiga pres\u00f3, la Bas\u00edlica de Santa Maria, les muralles, l&#8217;ajuntament, teatres&#8230; i per finalitzar han jugat i esmorzat al Parc Central.<\/p>\n<p>Aquestes s\u00f3n algunes de les fotos.<\/p>\n<p><img loading=\"lazy\" decoding=\"async\" class=\"alignnone wp-image-4357\" src=\"https:\/\/agora.xtec.cat\/ceipvistaalegre\/wp-content\/uploads\/usu1936\/2021\/03\/WhatsApp-Image-2021-03-15-at-22.38.10-1024x768.jpeg\" alt=\"\" width=\"383\" height=\"287\" \/>\u00a0\u00a0<img loading=\"lazy\" decoding=\"async\" class=\"alignnone wp-image-4358\" src=\"https:\/\/agora.xtec.cat\/ceipvistaalegre\/wp-content\/uploads\/usu1936\/2021\/03\/WhatsApp-Image-2021-03-15-at-22.38.10-1-1024x768.jpeg\" alt=\"\" width=\"379\" height=\"284\" \/>\u00a0\u00a0<img loading=\"lazy\" decoding=\"async\" class=\"alignnone wp-image-4359\" src=\"https:\/\/agora.xtec.cat\/ceipvistaalegre\/wp-content\/uploads\/usu1936\/2021\/03\/WhatsApp-Image-2021-03-15-at-22.38.11-1024x768.jpeg\" alt=\"\" width=\"373\" height=\"280\" \/>\u00a0\u00a0<img loading=\"lazy\" decoding=\"async\" class=\"alignnone wp-image-4360\" src=\"https:\/\/agora.xtec.cat\/ceipvistaalegre\/wp-content\/uploads\/usu1936\/2021\/03\/WhatsApp-Image-2021-03-15-at-22.38.12-1024x768.jpeg\" alt=\"\" width=\"395\" height=\"297\" \/>\u00a0\u00a0<img loading=\"lazy\" decoding=\"async\" class=\"alignnone wp-image-4361\" src=\"https:\/\/agora.xtec.cat\/ceipvistaalegre\/wp-content\/uploads\/usu1936\/2021\/03\/WhatsApp-Image-2021-03-15-at-22.38.12-1-1024x768.jpeg\" alt=\"\" width=\"393\" height=\"295\" \/>\u00a0\u00a0<img loading=\"lazy\" decoding=\"async\" class=\"alignnone wp-image-4362\" src=\"https:\/\/agora.xtec.cat\/ceipvistaalegre\/wp-content\/uploads\/usu1936\/2021\/03\/WhatsApp-Image-2021-03-15-at-22.38.09-1024x768.jpeg\" alt=\"\" width=\"382\" height=\"287\" \/><\/p>\n","protected":false},"excerpt":{"rendered":"<p>Fa unes quantes setmanes, els nens i nenes de cinqu\u00e8 han estat treballant un projecte que es diu &#8220;la ciutat de Matar\u00f3&#8221;.\u00a0 Avui s&#8217;ha fet una sortida a peu pel centre de Matar\u00f3, hem vist l&#8217;antiga pres\u00f3, la Bas\u00edlica de Santa Maria, les muralles, l&#8217;ajuntament,&hellip;  <a href=\"https:\/\/agora.xtec.cat\/ceipvistaalegre\/primaria\/5e\/sortida-centre-de-mataro\/\" title=\"Read SORTIDA CENTRE DE MATAR\u00d3\">Llegeix m\u00e9s\u00bb<\/a><\/p>\n","protected":false},"author":18,"featured_media":0,"comment_status":"open","ping_status":"closed","sticky":false,"template":"","format":"standard","meta":{"_bbp_topic_count":0,"_bbp_reply_count":0,"_bbp_total_topic_count":0,"_bbp_total_reply_count":0,"_bbp_voice_count":0,"_bbp_anonymous_reply_count":0,"_bbp_topic_count_hidden":0,"_bbp_reply_count_hidden":0,"_bbp_forum_subforum_count":0,"footnotes":""},"categories":[14],"tags":[],"class_list":["post-4356","post","type-post","status-publish","format-standard","hentry","category-5e"],"post_mailing_queue_ids":[],"_links":{"self":[{"href":"https:\/\/agora.xtec.cat\/ceipvistaalegre\/wp-json\/wp\/v2\/posts\/4356","targetHints":{"allow":["GET"]}}],"collection":[{"href":"https:\/\/agora.xtec.cat\/ceipvistaalegre\/wp-json\/wp\/v2\/posts"}],"about":[{"href":"https:\/\/agora.xtec.cat\/ceipvistaalegre\/wp-json\/wp\/v2\/types\/post"}],"author":[{"embeddable":true,"href":"https:\/\/agora.xtec.cat\/ceipvistaalegre\/wp-json\/wp\/v2\/users\/18"}],"replies":[{"embeddable":true,"href":"https:\/\/agora.xtec.cat\/ceipvistaalegre\/wp-json\/wp\/v2\/comments?post=4356"}],"version-history":[{"count":1,"href":"https:\/\/agora.xtec.cat\/ceipvistaalegre\/wp-json\/wp\/v2\/posts\/4356\/revisions"}],"predecessor-version":[{"id":4363,"href":"https:\/\/agora.xtec.cat\/ceipvistaalegre\/wp-json\/wp\/v2\/posts\/4356\/revisions\/4363"}],"wp:attachment":[{"href":"https:\/\/agora.xtec.cat\/ceipvistaalegre\/wp-json\/wp\/v2\/media?parent=4356"}],"wp:term":[{"taxonomy":"category","embeddable":true,"href":"https:\/\/agora.xtec.cat\/ceipvistaalegre\/wp-json\/wp\/v2\/categories?post=4356"},{"taxonomy":"post_tag","embeddable":true,"href":"https:\/\/agora.xtec.cat\/ceipvistaalegre\/wp-json\/wp\/v2\/tags?post=4356"}],"curies":[{"name":"wp","href":"https:\/\/api.w.org\/{rel}","templated":true}]}}