{"id":4352,"date":"2021-03-15T11:52:10","date_gmt":"2021-03-15T10:52:10","guid":{"rendered":"https:\/\/agora.xtec.cat\/ceipvistaalegre\/?p=4352"},"modified":"2021-03-15T11:52:18","modified_gmt":"2021-03-15T10:52:18","slug":"bullying-i-discriminacio-a-lentorn-educatiu","status":"publish","type":"post","link":"https:\/\/agora.xtec.cat\/ceipvistaalegre\/general\/bullying-i-discriminacio-a-lentorn-educatiu\/","title":{"rendered":"Bullying i discriminaci\u00f3 a l&#8217;entorn educatiu"},"content":{"rendered":"<p style=\"text-align: left;\">La Direcci\u00f3 d&#8217;Ensenyament de Matar\u00f3, dins la programaci\u00f3 de formaci\u00f3 de fam\u00edlies en l&#8217;\u00e0mbit educatiu, ofereix la xerrada:<\/p>\n<h3 class=\"m_-2067613394067281368xmsonormal\" style=\"text-align: left;\">\u00a8<b>Bullying i discriminaci\u00f3 en l&#8217;entorn educatiu<\/b>\u00a8<\/h3>\n<p class=\"m_-2067613394067281368xmsonormal\">Ser\u00e0 el proper <strong>dimarts 23 de mar\u00e7 a les 19:00<\/strong> a c\u00e0rrec de la Raquel Sala, col\u00b7laboradora del Servei d&#8217;Igualtat i Diversitat Ciutadana (Ajuntament de Matar\u00f3).<u><\/u><u><\/u><\/p>\n<p class=\"m_-2067613394067281368xmsonormal\">Tindr\u00e0 una durada aproximada d\u00b4una hora i mitja, i est\u00e0 destinada a les fam\u00edlies de prim\u00e0ria.<\/p>\n<p>Cal cita pr\u00e8via al seg\u00fcent enlla\u00e7: <a href=\"https:\/\/docs.google.com\/forms\/d\/e\/1FAIpQLSdPhpNR2i5rmEb-v0Aonvi-lkapWILU4PKWOwhKx9-rRtS7Ag\/viewform\">&#8220;BULLYING I DISGRIMINACI\u00d3 A L&#8217;ENTORN EDUCATIU&#8221;<\/a><\/p>\n<p><a href=\"https:\/\/agora.xtec.cat\/ceipvistaalegre\/wp-content\/uploads\/usu1936\/2021\/03\/C.-Bullying-i-disciminaci\u00f3-en-l\u00b4entorn-educatiu-PRIM\u00c0RIA_page-0001.jpg\"><img loading=\"lazy\" decoding=\"async\" class=\" wp-image-4354 aligncenter\" src=\"https:\/\/agora.xtec.cat\/ceipvistaalegre\/wp-content\/uploads\/usu1936\/2021\/03\/C.-Bullying-i-disciminaci\u00f3-en-l\u00b4entorn-educatiu-PRIM\u00c0RIA_page-0001-725x1024.jpg\" alt=\"\" width=\"386\" height=\"545\" \/><\/a><\/p>\n<p>&nbsp;<\/p>\n","protected":false},"excerpt":{"rendered":"<p>La Direcci\u00f3 d&#8217;Ensenyament de Matar\u00f3, dins la programaci\u00f3 de formaci\u00f3 de fam\u00edlies en l&#8217;\u00e0mbit educatiu, ofereix la xerrada:<br \/>\n\u00a8Bullying i discriminaci\u00f3 en l&#8217;entorn educatiu\u00a8<br \/>\nSer\u00e0 el proper dimarts 23 de mar\u00e7 a les 19:00 a c\u00e0rrec de la Raquel Sala, col\u00b7laboradora del Servei d&#8217;Igualtat i Diversitat Ciutadana&hellip;  <a href=\"https:\/\/agora.xtec.cat\/ceipvistaalegre\/general\/bullying-i-discriminacio-a-lentorn-educatiu\/\" title=\"Read Bullying i discriminaci\u00f3 a l&#8217;entorn educatiu\">Llegeix m\u00e9s\u00bb<\/a><\/p>\n","protected":false},"author":3,"featured_media":0,"comment_status":"open","ping_status":"closed","sticky":false,"template":"","format":"standard","meta":{"_bbp_topic_count":0,"_bbp_reply_count":0,"_bbp_total_topic_count":0,"_bbp_total_reply_count":0,"_bbp_voice_count":0,"_bbp_anonymous_reply_count":0,"_bbp_topic_count_hidden":0,"_bbp_reply_count_hidden":0,"_bbp_forum_subforum_count":0,"footnotes":""},"categories":[1,4],"tags":[],"class_list":["post-4352","post","type-post","status-publish","format-standard","hentry","category-general","category-portada"],"post_mailing_queue_ids":[],"_links":{"self":[{"href":"https:\/\/agora.xtec.cat\/ceipvistaalegre\/wp-json\/wp\/v2\/posts\/4352","targetHints":{"allow":["GET"]}}],"collection":[{"href":"https:\/\/agora.xtec.cat\/ceipvistaalegre\/wp-json\/wp\/v2\/posts"}],"about":[{"href":"https:\/\/agora.xtec.cat\/ceipvistaalegre\/wp-json\/wp\/v2\/types\/post"}],"author":[{"embeddable":true,"href":"https:\/\/agora.xtec.cat\/ceipvistaalegre\/wp-json\/wp\/v2\/users\/3"}],"replies":[{"embeddable":true,"href":"https:\/\/agora.xtec.cat\/ceipvistaalegre\/wp-json\/wp\/v2\/comments?post=4352"}],"version-history":[{"count":2,"href":"https:\/\/agora.xtec.cat\/ceipvistaalegre\/wp-json\/wp\/v2\/posts\/4352\/revisions"}],"predecessor-version":[{"id":4355,"href":"https:\/\/agora.xtec.cat\/ceipvistaalegre\/wp-json\/wp\/v2\/posts\/4352\/revisions\/4355"}],"wp:attachment":[{"href":"https:\/\/agora.xtec.cat\/ceipvistaalegre\/wp-json\/wp\/v2\/media?parent=4352"}],"wp:term":[{"taxonomy":"category","embeddable":true,"href":"https:\/\/agora.xtec.cat\/ceipvistaalegre\/wp-json\/wp\/v2\/categories?post=4352"},{"taxonomy":"post_tag","embeddable":true,"href":"https:\/\/agora.xtec.cat\/ceipvistaalegre\/wp-json\/wp\/v2\/tags?post=4352"}],"curies":[{"name":"wp","href":"https:\/\/api.w.org\/{rel}","templated":true}]}}