{"id":4313,"date":"2021-03-11T12:27:03","date_gmt":"2021-03-11T11:27:03","guid":{"rendered":"https:\/\/agora.xtec.cat\/ceipvistaalegre\/?p=4313"},"modified":"2021-03-11T12:27:15","modified_gmt":"2021-03-11T11:27:15","slug":"proces-elaboracio-porta","status":"publish","type":"post","link":"https:\/\/agora.xtec.cat\/ceipvistaalegre\/infantil\/infantil-3-anys\/proces-elaboracio-porta\/","title":{"rendered":"Proc\u00e9s elaboraci\u00f3 porta"},"content":{"rendered":"<p>Fam\u00edlies,<\/p>\n<p>Aqu\u00ed teniu un breu resum del proc\u00e9s d&#8217;elaboraci\u00f3 de la decoraci\u00f3 de la porta de la classe de les vaques. Els nens i nenes s&#8217;ho han passat s\u00faper b\u00e9!<\/p>\n<p style=\"text-align: center;\"><a href=\"https:\/\/drive.google.com\/drive\/folders\/1kdTf8QA3NlC1JymgKe7MiAXiWauJDgyg?usp=sharing\">DECORACI\u00d3 PORTA<\/a><a href=\"https:\/\/agora.xtec.cat\/ceipvistaalegre\/wp-content\/uploads\/usu1936\/2021\/03\/C\u00f2pia-de-IMG_20210301_110221-1.jpg\"><br \/>\n<img loading=\"lazy\" decoding=\"async\" class=\" wp-image-4314 aligncenter\" src=\"https:\/\/agora.xtec.cat\/ceipvistaalegre\/wp-content\/uploads\/usu1936\/2021\/03\/C\u00f2pia-de-IMG_20210301_110221-1-1024x766.jpg\" alt=\"\" width=\"455\" height=\"340\" \/><\/a><\/p>\n","protected":false},"excerpt":{"rendered":"<p>Fam\u00edlies,<br \/>\nAqu\u00ed teniu un breu resum del proc\u00e9s d&#8217;elaboraci\u00f3 de la decoraci\u00f3 de la porta de la classe de les vaques. Els nens i nenes s&#8217;ho han passat s\u00faper b\u00e9!<br \/>\n<a href=\"https:\/\/drive.google.com\/drive\/folders\/1kdTf8QA3NlC1JymgKe7MiAXiWauJDgyg?usp=sharing\">DECORACI\u00d3 PORTA<\/a><a href=\"https:\/\/agora.xtec.cat\/ceipvistaalegre\/wp-content\/uploads\/usu1936\/2021\/03\/C\u00f2pia-de-IMG_20210301_110221-1.jpg\"><br \/>\n<\/a><\/p>\n","protected":false},"author":3,"featured_media":0,"comment_status":"open","ping_status":"closed","sticky":false,"template":"","format":"standard","meta":{"_bbp_topic_count":0,"_bbp_reply_count":0,"_bbp_total_topic_count":0,"_bbp_total_reply_count":0,"_bbp_voice_count":0,"_bbp_anonymous_reply_count":0,"_bbp_topic_count_hidden":0,"_bbp_reply_count_hidden":0,"_bbp_forum_subforum_count":0,"footnotes":""},"categories":[3],"tags":[],"class_list":["post-4313","post","type-post","status-publish","format-standard","hentry","category-infantil-3-anys"],"post_mailing_queue_ids":[],"_links":{"self":[{"href":"https:\/\/agora.xtec.cat\/ceipvistaalegre\/wp-json\/wp\/v2\/posts\/4313","targetHints":{"allow":["GET"]}}],"collection":[{"href":"https:\/\/agora.xtec.cat\/ceipvistaalegre\/wp-json\/wp\/v2\/posts"}],"about":[{"href":"https:\/\/agora.xtec.cat\/ceipvistaalegre\/wp-json\/wp\/v2\/types\/post"}],"author":[{"embeddable":true,"href":"https:\/\/agora.xtec.cat\/ceipvistaalegre\/wp-json\/wp\/v2\/users\/3"}],"replies":[{"embeddable":true,"href":"https:\/\/agora.xtec.cat\/ceipvistaalegre\/wp-json\/wp\/v2\/comments?post=4313"}],"version-history":[{"count":2,"href":"https:\/\/agora.xtec.cat\/ceipvistaalegre\/wp-json\/wp\/v2\/posts\/4313\/revisions"}],"predecessor-version":[{"id":4316,"href":"https:\/\/agora.xtec.cat\/ceipvistaalegre\/wp-json\/wp\/v2\/posts\/4313\/revisions\/4316"}],"wp:attachment":[{"href":"https:\/\/agora.xtec.cat\/ceipvistaalegre\/wp-json\/wp\/v2\/media?parent=4313"}],"wp:term":[{"taxonomy":"category","embeddable":true,"href":"https:\/\/agora.xtec.cat\/ceipvistaalegre\/wp-json\/wp\/v2\/categories?post=4313"},{"taxonomy":"post_tag","embeddable":true,"href":"https:\/\/agora.xtec.cat\/ceipvistaalegre\/wp-json\/wp\/v2\/tags?post=4313"}],"curies":[{"name":"wp","href":"https:\/\/api.w.org\/{rel}","templated":true}]}}