{"id":4304,"date":"2021-03-11T08:32:12","date_gmt":"2021-03-11T07:32:12","guid":{"rendered":"https:\/\/agora.xtec.cat\/ceipvistaalegre\/?p=4304"},"modified":"2021-12-19T12:02:15","modified_gmt":"2021-12-19T11:02:15","slug":"tornem-a-plantar-verdures","status":"publish","type":"post","link":"https:\/\/agora.xtec.cat\/ceipvistaalegre\/infantil\/infantil-3-anys\/tornem-a-plantar-verdures\/","title":{"rendered":"TORNEM A PLANTAR VERDURES"},"content":{"rendered":"<p>A comen\u00e7ament de la setmana passada, els i les alumnes de cicle mitj\u00e0 i cicle superior van collir les verdures que havien cuidat al llarg del trimestre. Van deixar descansar uns dies la terra i el 4 i 5 de mar\u00e7 van tornar a plantar nous planters.<\/p>\n<p>Els nens i les nenes de tercer han plantat enciams de fulla llarga.<\/p>\n<p>Els nens i les nenes de quart\u00a0 han plantat tom\u00e0quets xerri.<\/p>\n<p>I els nens i les nenes de cinqu\u00e8 han plantat pebrots verds.<\/p>\n<p>Ara els i les alumnes han de tornar a fer de pagesos i pageses per cuidar i fer cr\u00e9ixer les verdures.<\/p>\n<p>Volem donar les gr\u00e0cies a la Vanesa, mare de l&#8217;escola, que ens porta els planters m\u00e9s macos del viver on treballa de manera gratu\u00efta.<\/p>\n<p>Moltes gr\u00e0cies Vanesa per la teva col\u00b7laboraci\u00f3.<\/p>\n<p>Si voleu veure les fotos de la segona plantada cliqueu a la paraula hort.<\/p>\n<p><a href=\"https:\/\/drive.google.com\/drive\/folders\/11OB63AVAleBXYcyvpNZfyjd23c01P-eP?usp=sharing\">HORT<\/a><\/p>\n","protected":false},"excerpt":{"rendered":"<p>A comen\u00e7ament de la setmana passada, els i les alumnes de cicle mitj\u00e0 i cicle superior van collir les verdures que havien cuidat al llarg del trimestre. Van deixar descansar uns dies la terra i el 4 i 5 de mar\u00e7 van tornar a plantar&hellip;  <a href=\"https:\/\/agora.xtec.cat\/ceipvistaalegre\/infantil\/infantil-3-anys\/tornem-a-plantar-verdures\/\" title=\"Read TORNEM A PLANTAR VERDURES\">Llegeix m\u00e9s\u00bb<\/a><\/p>\n","protected":false},"author":15,"featured_media":0,"comment_status":"open","ping_status":"closed","sticky":false,"template":"","format":"standard","meta":{"_bbp_topic_count":0,"_bbp_reply_count":0,"_bbp_total_topic_count":0,"_bbp_total_reply_count":0,"_bbp_voice_count":0,"_bbp_anonymous_reply_count":0,"_bbp_topic_count_hidden":0,"_bbp_reply_count_hidden":0,"_bbp_forum_subforum_count":0,"footnotes":""},"categories":[10,11,12,13,14,15,3,8,225,4],"tags":[],"class_list":["post-4304","post","type-post","status-publish","format-standard","hentry","category-1r","category-2n","category-la-classe-dels-pirates","category-4t","category-5e","category-6e","category-infantil-3-anys","category-infantil-4-anys","category-infantil-5-anys","category-portada"],"post_mailing_queue_ids":[],"_links":{"self":[{"href":"https:\/\/agora.xtec.cat\/ceipvistaalegre\/wp-json\/wp\/v2\/posts\/4304","targetHints":{"allow":["GET"]}}],"collection":[{"href":"https:\/\/agora.xtec.cat\/ceipvistaalegre\/wp-json\/wp\/v2\/posts"}],"about":[{"href":"https:\/\/agora.xtec.cat\/ceipvistaalegre\/wp-json\/wp\/v2\/types\/post"}],"author":[{"embeddable":true,"href":"https:\/\/agora.xtec.cat\/ceipvistaalegre\/wp-json\/wp\/v2\/users\/15"}],"replies":[{"embeddable":true,"href":"https:\/\/agora.xtec.cat\/ceipvistaalegre\/wp-json\/wp\/v2\/comments?post=4304"}],"version-history":[{"count":1,"href":"https:\/\/agora.xtec.cat\/ceipvistaalegre\/wp-json\/wp\/v2\/posts\/4304\/revisions"}],"predecessor-version":[{"id":4305,"href":"https:\/\/agora.xtec.cat\/ceipvistaalegre\/wp-json\/wp\/v2\/posts\/4304\/revisions\/4305"}],"wp:attachment":[{"href":"https:\/\/agora.xtec.cat\/ceipvistaalegre\/wp-json\/wp\/v2\/media?parent=4304"}],"wp:term":[{"taxonomy":"category","embeddable":true,"href":"https:\/\/agora.xtec.cat\/ceipvistaalegre\/wp-json\/wp\/v2\/categories?post=4304"},{"taxonomy":"post_tag","embeddable":true,"href":"https:\/\/agora.xtec.cat\/ceipvistaalegre\/wp-json\/wp\/v2\/tags?post=4304"}],"curies":[{"name":"wp","href":"https:\/\/api.w.org\/{rel}","templated":true}]}}