{"id":4276,"date":"2021-03-07T20:28:36","date_gmt":"2021-03-07T19:28:36","guid":{"rendered":"https:\/\/agora.xtec.cat\/ceipvistaalegre\/?p=4276"},"modified":"2021-03-07T20:54:00","modified_gmt":"2021-03-07T19:54:00","slug":"el-relleu-en-relleu","status":"publish","type":"post","link":"https:\/\/agora.xtec.cat\/ceipvistaalegre\/primaria\/la-classe-dels-pirates\/el-relleu-en-relleu\/","title":{"rendered":"El Relleu en relleu!"},"content":{"rendered":"<p>Els nens i nenes de 3r hem estudiat els elements del relleu i en concret, els m\u00e9s importants de Catalunya.<\/p>\n<p>Els hem vist a la nostra pissarra digital, els hem llegit al nostra llibre, hem realitzat fitxes per\u00f2, el m\u00e9s divertit i interessant ha estat fer les muntanyes, depressions, rius i serralades de Catalunya amb plastilina. Ara s\u00ed que ens ho sabem!<!--more--><a href=\"https:\/\/agora.xtec.cat\/ceipvistaalegre\/wp-content\/uploads\/usu1936\/2021\/03\/20210211_103326.jpg\"><img loading=\"lazy\" decoding=\"async\" class=\"alignnone wp-image-4277\" src=\"https:\/\/agora.xtec.cat\/ceipvistaalegre\/wp-content\/uploads\/usu1936\/2021\/03\/20210211_103326-1024x768.jpg\" alt=\"\" width=\"403\" height=\"303\" \/><\/a><\/p>\n<p><a href=\"https:\/\/agora.xtec.cat\/ceipvistaalegre\/wp-content\/uploads\/usu1936\/2021\/03\/20210211_101806_001-min.jpg\"><img loading=\"lazy\" decoding=\"async\" class=\"alignnone wp-image-4278\" src=\"https:\/\/agora.xtec.cat\/ceipvistaalegre\/wp-content\/uploads\/usu1936\/2021\/03\/20210211_101806_001-min-1024x768.jpg\" alt=\"\" width=\"402\" height=\"302\" \/><\/a><\/p>\n<p><a href=\"https:\/\/agora.xtec.cat\/ceipvistaalegre\/wp-content\/uploads\/usu1936\/2021\/03\/20210211_101814_001-min.jpg\"><img loading=\"lazy\" decoding=\"async\" class=\"alignnone wp-image-4279\" src=\"https:\/\/agora.xtec.cat\/ceipvistaalegre\/wp-content\/uploads\/usu1936\/2021\/03\/20210211_101814_001-min-1024x768.jpg\" alt=\"\" width=\"407\" height=\"305\" \/><\/a><\/p>\n<p><a href=\"https:\/\/agora.xtec.cat\/ceipvistaalegre\/wp-content\/uploads\/usu1936\/2021\/03\/20210211_100456-min.jpg\"><img loading=\"lazy\" decoding=\"async\" class=\"alignnone wp-image-4280\" src=\"https:\/\/agora.xtec.cat\/ceipvistaalegre\/wp-content\/uploads\/usu1936\/2021\/03\/20210211_100456-min-1024x768.jpg\" alt=\"\" width=\"403\" height=\"302\" \/><\/a><\/p>\n<p>&nbsp;<\/p>\n","protected":false},"excerpt":{"rendered":"<p>Els nens i nenes de 3r hem estudiat els elements del relleu i en concret, els m\u00e9s importants de Catalunya.<br \/>\nEls hem vist a la nostra pissarra digital, els hem llegit al nostra llibre, hem realitzat fitxes per\u00f2, el m\u00e9s divertit i interessant ha estat fer&hellip;  <a href=\"https:\/\/agora.xtec.cat\/ceipvistaalegre\/primaria\/la-classe-dels-pirates\/el-relleu-en-relleu\/\" title=\"Read El Relleu en relleu!\">Llegeix m\u00e9s\u00bb<\/a><\/p>\n","protected":false},"author":7,"featured_media":0,"comment_status":"open","ping_status":"closed","sticky":false,"template":"","format":"standard","meta":{"_bbp_topic_count":0,"_bbp_reply_count":0,"_bbp_total_topic_count":0,"_bbp_total_reply_count":0,"_bbp_voice_count":0,"_bbp_anonymous_reply_count":0,"_bbp_topic_count_hidden":0,"_bbp_reply_count_hidden":0,"_bbp_forum_subforum_count":0,"footnotes":""},"categories":[12],"tags":[],"class_list":["post-4276","post","type-post","status-publish","format-standard","hentry","category-la-classe-dels-pirates"],"post_mailing_queue_ids":[],"_links":{"self":[{"href":"https:\/\/agora.xtec.cat\/ceipvistaalegre\/wp-json\/wp\/v2\/posts\/4276","targetHints":{"allow":["GET"]}}],"collection":[{"href":"https:\/\/agora.xtec.cat\/ceipvistaalegre\/wp-json\/wp\/v2\/posts"}],"about":[{"href":"https:\/\/agora.xtec.cat\/ceipvistaalegre\/wp-json\/wp\/v2\/types\/post"}],"author":[{"embeddable":true,"href":"https:\/\/agora.xtec.cat\/ceipvistaalegre\/wp-json\/wp\/v2\/users\/7"}],"replies":[{"embeddable":true,"href":"https:\/\/agora.xtec.cat\/ceipvistaalegre\/wp-json\/wp\/v2\/comments?post=4276"}],"version-history":[{"count":1,"href":"https:\/\/agora.xtec.cat\/ceipvistaalegre\/wp-json\/wp\/v2\/posts\/4276\/revisions"}],"predecessor-version":[{"id":4281,"href":"https:\/\/agora.xtec.cat\/ceipvistaalegre\/wp-json\/wp\/v2\/posts\/4276\/revisions\/4281"}],"wp:attachment":[{"href":"https:\/\/agora.xtec.cat\/ceipvistaalegre\/wp-json\/wp\/v2\/media?parent=4276"}],"wp:term":[{"taxonomy":"category","embeddable":true,"href":"https:\/\/agora.xtec.cat\/ceipvistaalegre\/wp-json\/wp\/v2\/categories?post=4276"},{"taxonomy":"post_tag","embeddable":true,"href":"https:\/\/agora.xtec.cat\/ceipvistaalegre\/wp-json\/wp\/v2\/tags?post=4276"}],"curies":[{"name":"wp","href":"https:\/\/api.w.org\/{rel}","templated":true}]}}