{"id":4252,"date":"2021-03-06T19:13:51","date_gmt":"2021-03-06T18:13:51","guid":{"rendered":"https:\/\/agora.xtec.cat\/ceipvistaalegre\/?p=4252"},"modified":"2022-02-24T14:56:05","modified_gmt":"2022-02-24T13:56:05","slug":"portes-obertes-2021-2","status":"publish","type":"post","link":"https:\/\/agora.xtec.cat\/ceipvistaalegre\/coneix-la-nostra-escola\/portes-obertes-2021-2\/","title":{"rendered":"Presentaci\u00f3 PORTES OBERTES 2022"},"content":{"rendered":"<h3 style=\"text-align: center;\">Heu entrat a la nostra p\u00e0gina web i, amb aquest petit gest, heu obert les portes de la nostra escola.<\/h3>\n<h4 style=\"text-align: center;\"><a href=\"https:\/\/agora.xtec.cat\/ceipvistaalegre\/wp-content\/uploads\/usu1936\/2021\/03\/Imatge-PORTES-OBERTES.jpg\"><img loading=\"lazy\" decoding=\"async\" class=\"alignnone  wp-image-6578\" src=\"https:\/\/agora.xtec.cat\/ceipvistaalegre\/wp-content\/uploads\/usu1936\/2021\/03\/Imatge-PORTES-OBERTES-1024x576.jpg\" alt=\"\" width=\"717\" height=\"403\" srcset=\"https:\/\/agora.xtec.cat\/ceipvistaalegre\/wp-content\/uploads\/usu1936\/2021\/03\/Imatge-PORTES-OBERTES-1024x576.jpg 1024w, https:\/\/agora.xtec.cat\/ceipvistaalegre\/wp-content\/uploads\/usu1936\/2021\/03\/Imatge-PORTES-OBERTES-300x169.jpg 300w, https:\/\/agora.xtec.cat\/ceipvistaalegre\/wp-content\/uploads\/usu1936\/2021\/03\/Imatge-PORTES-OBERTES-768x432.jpg 768w, https:\/\/agora.xtec.cat\/ceipvistaalegre\/wp-content\/uploads\/usu1936\/2021\/03\/Imatge-PORTES-OBERTES-1536x864.jpg 1536w, https:\/\/agora.xtec.cat\/ceipvistaalegre\/wp-content\/uploads\/usu1936\/2021\/03\/Imatge-PORTES-OBERTES.jpg 1920w\" sizes=\"auto, (max-width: 717px) 100vw, 717px\" \/><\/a><\/h4>\n<p style=\"text-align: center;\">Si voleu con\u00e8ixer qui som, el nostre projecte, com treballem, qu\u00e8 fem i tot el que oferim, podeu clicar aqu\u00ed!<\/p>\n<h4 style=\"text-align: center;\"><a href=\"https:\/\/drive.google.com\/file\/d\/1MUtQm38PCrno7PFnmIL7_xtAlNjYnT3b\/view?usp=sharing\"><strong>PRESENTACI\u00d3 PORTES OBERTES 2022<\/strong><\/a><\/h4>\n<p>&nbsp;<\/p>\n","protected":false},"excerpt":{"rendered":"<p>Heu entrat a la nostra p\u00e0gina web i, amb aquest petit gest, heu obert les portes de la nostra escola.<br \/>\n<a href=\"https:\/\/agora.xtec.cat\/ceipvistaalegre\/wp-content\/uploads\/usu1936\/2021\/03\/Imatge-PORTES-OBERTES.jpg\"><\/a><br \/>\nSi voleu con\u00e8ixer qui som, el nostre projecte, com treballem, qu\u00e8 fem i tot el que oferim, podeu clicar aqu\u00ed!<br \/>\n<a href=\"https:\/\/drive.google.com\/file\/d\/1MUtQm38PCrno7PFnmIL7_xtAlNjYnT3b\/view?usp=sharing\">PRESENTACI\u00d3 PORTES OBERTES 2022<\/a><br \/>\n&nbsp;<\/p>\n","protected":false},"author":3,"featured_media":0,"comment_status":"open","ping_status":"closed","sticky":true,"template":"","format":"standard","meta":{"_bbp_topic_count":0,"_bbp_reply_count":0,"_bbp_total_topic_count":0,"_bbp_total_reply_count":0,"_bbp_voice_count":0,"_bbp_anonymous_reply_count":0,"_bbp_topic_count_hidden":0,"_bbp_reply_count_hidden":0,"_bbp_forum_subforum_count":0,"footnotes":""},"categories":[196],"tags":[],"class_list":["post-4252","post","type-post","status-publish","format-standard","hentry","category-coneix-la-nostra-escola"],"post_mailing_queue_ids":[],"_links":{"self":[{"href":"https:\/\/agora.xtec.cat\/ceipvistaalegre\/wp-json\/wp\/v2\/posts\/4252","targetHints":{"allow":["GET"]}}],"collection":[{"href":"https:\/\/agora.xtec.cat\/ceipvistaalegre\/wp-json\/wp\/v2\/posts"}],"about":[{"href":"https:\/\/agora.xtec.cat\/ceipvistaalegre\/wp-json\/wp\/v2\/types\/post"}],"author":[{"embeddable":true,"href":"https:\/\/agora.xtec.cat\/ceipvistaalegre\/wp-json\/wp\/v2\/users\/3"}],"replies":[{"embeddable":true,"href":"https:\/\/agora.xtec.cat\/ceipvistaalegre\/wp-json\/wp\/v2\/comments?post=4252"}],"version-history":[{"count":3,"href":"https:\/\/agora.xtec.cat\/ceipvistaalegre\/wp-json\/wp\/v2\/posts\/4252\/revisions"}],"predecessor-version":[{"id":6581,"href":"https:\/\/agora.xtec.cat\/ceipvistaalegre\/wp-json\/wp\/v2\/posts\/4252\/revisions\/6581"}],"wp:attachment":[{"href":"https:\/\/agora.xtec.cat\/ceipvistaalegre\/wp-json\/wp\/v2\/media?parent=4252"}],"wp:term":[{"taxonomy":"category","embeddable":true,"href":"https:\/\/agora.xtec.cat\/ceipvistaalegre\/wp-json\/wp\/v2\/categories?post=4252"},{"taxonomy":"post_tag","embeddable":true,"href":"https:\/\/agora.xtec.cat\/ceipvistaalegre\/wp-json\/wp\/v2\/tags?post=4252"}],"curies":[{"name":"wp","href":"https:\/\/api.w.org\/{rel}","templated":true}]}}