{"id":4245,"date":"2021-03-05T09:43:54","date_gmt":"2021-03-05T08:43:54","guid":{"rendered":"https:\/\/agora.xtec.cat\/ceipvistaalegre\/?p=4245"},"modified":"2021-03-11T12:16:31","modified_gmt":"2021-03-11T11:16:31","slug":"arribada-a-p3","status":"publish","type":"post","link":"https:\/\/agora.xtec.cat\/ceipvistaalegre\/coneix-la-nostra-escola\/arribada-a-p3\/","title":{"rendered":"Arribada a P3"},"content":{"rendered":"<p>L&#8217;arribada a P3 \u00e9s un fet molt important, tant pels nens i nenes com per les seves fam\u00edlies.<\/p>\n<p>Des de l&#8217;escola, tenim en compte el ritme de cada infant. Per aix\u00f2, durant els primers dies, propiciem un ambient de confian\u00e7a, seguretat, afectivitat i col\u00b7laboraci\u00f3 fam\u00edlia &#8211; escola, com a eix vertebrador per a dur a terme aquest proc\u00e9s.<\/p>\n<p><iframe loading=\"lazy\" title=\"3-Arribada a P3\" width=\"500\" height=\"281\" src=\"https:\/\/www.youtube.com\/embed\/bDsU60LB9uU?feature=oembed\" frameborder=\"0\" allow=\"accelerometer; autoplay; clipboard-write; encrypted-media; gyroscope; picture-in-picture; web-share\" referrerpolicy=\"strict-origin-when-cross-origin\" allowfullscreen><\/iframe><\/p>\n","protected":false},"excerpt":{"rendered":"<p>L&#8217;arribada a P3 \u00e9s un fet molt important, tant pels nens i nenes com per les seves fam\u00edlies.<br \/>\nDes de l&#8217;escola, tenim en compte el ritme de cada infant. Per aix\u00f2, durant els primers dies, propiciem un ambient de confian\u00e7a, seguretat, afectivitat i col\u00b7laboraci\u00f3 fam\u00edlia &#8211;&hellip;  <a href=\"https:\/\/agora.xtec.cat\/ceipvistaalegre\/coneix-la-nostra-escola\/arribada-a-p3\/\" title=\"Read Arribada a P3\">Llegeix m\u00e9s\u00bb<\/a><\/p>\n","protected":false},"author":3,"featured_media":0,"comment_status":"open","ping_status":"closed","sticky":true,"template":"","format":"standard","meta":{"_bbp_topic_count":0,"_bbp_reply_count":0,"_bbp_total_topic_count":0,"_bbp_total_reply_count":0,"_bbp_voice_count":0,"_bbp_anonymous_reply_count":0,"_bbp_topic_count_hidden":0,"_bbp_reply_count_hidden":0,"_bbp_forum_subforum_count":0,"footnotes":""},"categories":[196],"tags":[],"class_list":["post-4245","post","type-post","status-publish","format-standard","hentry","category-coneix-la-nostra-escola"],"post_mailing_queue_ids":[],"_links":{"self":[{"href":"https:\/\/agora.xtec.cat\/ceipvistaalegre\/wp-json\/wp\/v2\/posts\/4245","targetHints":{"allow":["GET"]}}],"collection":[{"href":"https:\/\/agora.xtec.cat\/ceipvistaalegre\/wp-json\/wp\/v2\/posts"}],"about":[{"href":"https:\/\/agora.xtec.cat\/ceipvistaalegre\/wp-json\/wp\/v2\/types\/post"}],"author":[{"embeddable":true,"href":"https:\/\/agora.xtec.cat\/ceipvistaalegre\/wp-json\/wp\/v2\/users\/3"}],"replies":[{"embeddable":true,"href":"https:\/\/agora.xtec.cat\/ceipvistaalegre\/wp-json\/wp\/v2\/comments?post=4245"}],"version-history":[{"count":1,"href":"https:\/\/agora.xtec.cat\/ceipvistaalegre\/wp-json\/wp\/v2\/posts\/4245\/revisions"}],"predecessor-version":[{"id":4247,"href":"https:\/\/agora.xtec.cat\/ceipvistaalegre\/wp-json\/wp\/v2\/posts\/4245\/revisions\/4247"}],"wp:attachment":[{"href":"https:\/\/agora.xtec.cat\/ceipvistaalegre\/wp-json\/wp\/v2\/media?parent=4245"}],"wp:term":[{"taxonomy":"category","embeddable":true,"href":"https:\/\/agora.xtec.cat\/ceipvistaalegre\/wp-json\/wp\/v2\/categories?post=4245"},{"taxonomy":"post_tag","embeddable":true,"href":"https:\/\/agora.xtec.cat\/ceipvistaalegre\/wp-json\/wp\/v2\/tags?post=4245"}],"curies":[{"name":"wp","href":"https:\/\/api.w.org\/{rel}","templated":true}]}}