{"id":4239,"date":"2021-03-04T23:46:40","date_gmt":"2021-03-04T22:46:40","guid":{"rendered":"https:\/\/agora.xtec.cat\/ceipvistaalegre\/?p=4239"},"modified":"2021-12-19T12:02:15","modified_gmt":"2021-12-19T11:02:15","slug":"la-primera-collita","status":"publish","type":"post","link":"https:\/\/agora.xtec.cat\/ceipvistaalegre\/infantil\/infantil-3-anys\/la-primera-collita\/","title":{"rendered":"LA PRIMERA COLLITA"},"content":{"rendered":"<p>La passada setmana els\u00a0 alumnes de cicle inicial, mitj\u00e0 i superior van collir les verdures dels seus bancals. Els nens i les nenes van tornar a casa amb les verdures que han estat cuidant des de comen\u00e7ament de curs. Primer i segon contents amb els seus br\u00f2quils. Tercer, orgullosos dels seus espinacs. Quart feli\u00e7os amb les seves cebes i cinqu\u00e8 entusiasmats amb les seves escaroles.<\/p>\n<p>Felicitacions als alumnes i als mestres per la cura i la dedicaci\u00f3 al nostre estimat hort.<\/p>\n<p>Bona feina de pag\u00e8s.<\/p>\n<p>Cliqueu a la foto per veure el moment de la collita.<\/p>\n<p><a href=\"https:\/\/drive.google.com\/drive\/folders\/1-8tDRx2OgmaFN2kdy4K_Y9Em71PCCLaT?usp=sharing\"><img loading=\"lazy\" decoding=\"async\" class=\"alignnone wp-image-4242\" src=\"https:\/\/agora.xtec.cat\/ceipvistaalegre\/wp-content\/uploads\/usu1936\/2021\/03\/WhatsApp-Image-2021-02-25-at-16.24.14-768x1024.jpeg\" alt=\"\" width=\"359\" height=\"478\" \/><\/a><\/p>\n","protected":false},"excerpt":{"rendered":"<p>La passada setmana els\u00a0 alumnes de cicle inicial, mitj\u00e0 i superior van collir les verdures dels seus bancals. Els nens i les nenes van tornar a casa amb les verdures que han estat cuidant des de comen\u00e7ament de curs. Primer i segon contents amb els&hellip;  <a href=\"https:\/\/agora.xtec.cat\/ceipvistaalegre\/infantil\/infantil-3-anys\/la-primera-collita\/\" title=\"Read LA PRIMERA COLLITA\">Llegeix m\u00e9s\u00bb<\/a><\/p>\n","protected":false},"author":15,"featured_media":0,"comment_status":"open","ping_status":"closed","sticky":false,"template":"","format":"standard","meta":{"_bbp_topic_count":0,"_bbp_reply_count":0,"_bbp_total_topic_count":0,"_bbp_total_reply_count":0,"_bbp_voice_count":0,"_bbp_anonymous_reply_count":0,"_bbp_topic_count_hidden":0,"_bbp_reply_count_hidden":0,"_bbp_forum_subforum_count":0,"footnotes":""},"categories":[10,11,12,13,14,15,3,8,225,4],"tags":[],"class_list":["post-4239","post","type-post","status-publish","format-standard","hentry","category-1r","category-2n","category-la-classe-dels-pirates","category-4t","category-5e","category-6e","category-infantil-3-anys","category-infantil-4-anys","category-infantil-5-anys","category-portada"],"post_mailing_queue_ids":[],"_links":{"self":[{"href":"https:\/\/agora.xtec.cat\/ceipvistaalegre\/wp-json\/wp\/v2\/posts\/4239","targetHints":{"allow":["GET"]}}],"collection":[{"href":"https:\/\/agora.xtec.cat\/ceipvistaalegre\/wp-json\/wp\/v2\/posts"}],"about":[{"href":"https:\/\/agora.xtec.cat\/ceipvistaalegre\/wp-json\/wp\/v2\/types\/post"}],"author":[{"embeddable":true,"href":"https:\/\/agora.xtec.cat\/ceipvistaalegre\/wp-json\/wp\/v2\/users\/15"}],"replies":[{"embeddable":true,"href":"https:\/\/agora.xtec.cat\/ceipvistaalegre\/wp-json\/wp\/v2\/comments?post=4239"}],"version-history":[{"count":3,"href":"https:\/\/agora.xtec.cat\/ceipvistaalegre\/wp-json\/wp\/v2\/posts\/4239\/revisions"}],"predecessor-version":[{"id":4251,"href":"https:\/\/agora.xtec.cat\/ceipvistaalegre\/wp-json\/wp\/v2\/posts\/4239\/revisions\/4251"}],"wp:attachment":[{"href":"https:\/\/agora.xtec.cat\/ceipvistaalegre\/wp-json\/wp\/v2\/media?parent=4239"}],"wp:term":[{"taxonomy":"category","embeddable":true,"href":"https:\/\/agora.xtec.cat\/ceipvistaalegre\/wp-json\/wp\/v2\/categories?post=4239"},{"taxonomy":"post_tag","embeddable":true,"href":"https:\/\/agora.xtec.cat\/ceipvistaalegre\/wp-json\/wp\/v2\/tags?post=4239"}],"curies":[{"name":"wp","href":"https:\/\/api.w.org\/{rel}","templated":true}]}}