{"id":4225,"date":"2021-03-03T11:50:04","date_gmt":"2021-03-03T10:50:04","guid":{"rendered":"https:\/\/agora.xtec.cat\/ceipvistaalegre\/?p=4225"},"modified":"2021-03-11T12:56:04","modified_gmt":"2021-03-11T11:56:04","slug":"setmana-sobre-rodes","status":"publish","type":"post","link":"https:\/\/agora.xtec.cat\/ceipvistaalegre\/portada\/setmana-sobre-rodes\/","title":{"rendered":"Setmana sobre rodes"},"content":{"rendered":"<p><a href=\"https:\/\/agora.xtec.cat\/ceipvistaalegre\/wp-content\/uploads\/usu1936\/2021\/03\/SETMANA-SOBRE-RODES.jpg\"><img loading=\"lazy\" decoding=\"async\" class=\" wp-image-4226 aligncenter\" src=\"https:\/\/agora.xtec.cat\/ceipvistaalegre\/wp-content\/uploads\/usu1936\/2021\/03\/SETMANA-SOBRE-RODES-1024x1024.jpg\" alt=\"\" width=\"361\" height=\"361\" \/><\/a><\/p>\n<h5 style=\"text-align: center;\">Des de l&#8217;\u00e0rea d&#8217;Educaci\u00f3 F\u00edsica ens proposen la &#8220;Setmana sobre rodes&#8221;<\/h5>\n<h5 style=\"text-align: center;\">Els dies d&#8217;educaci\u00f3 f\u00edsica els nens i nenes de l&#8217;Escola Vista Alegre faran activitats sobre patins, patinets i monopatins<\/h5>\n","protected":false},"excerpt":{"rendered":"<p><a href=\"https:\/\/agora.xtec.cat\/ceipvistaalegre\/wp-content\/uploads\/usu1936\/2021\/03\/SETMANA-SOBRE-RODES.jpg\"><\/a><br \/>\nDes de l&#8217;\u00e0rea d&#8217;Educaci\u00f3 F\u00edsica ens proposen la &#8220;Setmana sobre rodes&#8221;<br \/>\nEls dies d&#8217;educaci\u00f3 f\u00edsica els nens i nenes de l&#8217;Escola Vista Alegre faran activitats sobre patins, patinets i monopatins<\/p>\n","protected":false},"author":3,"featured_media":0,"comment_status":"open","ping_status":"closed","sticky":false,"template":"","format":"standard","meta":{"_bbp_topic_count":0,"_bbp_reply_count":0,"_bbp_total_topic_count":0,"_bbp_total_reply_count":0,"_bbp_voice_count":0,"_bbp_anonymous_reply_count":0,"_bbp_topic_count_hidden":0,"_bbp_reply_count_hidden":0,"_bbp_forum_subforum_count":0,"footnotes":""},"categories":[4],"tags":[],"class_list":["post-4225","post","type-post","status-publish","format-standard","hentry","category-portada"],"post_mailing_queue_ids":[],"_links":{"self":[{"href":"https:\/\/agora.xtec.cat\/ceipvistaalegre\/wp-json\/wp\/v2\/posts\/4225","targetHints":{"allow":["GET"]}}],"collection":[{"href":"https:\/\/agora.xtec.cat\/ceipvistaalegre\/wp-json\/wp\/v2\/posts"}],"about":[{"href":"https:\/\/agora.xtec.cat\/ceipvistaalegre\/wp-json\/wp\/v2\/types\/post"}],"author":[{"embeddable":true,"href":"https:\/\/agora.xtec.cat\/ceipvistaalegre\/wp-json\/wp\/v2\/users\/3"}],"replies":[{"embeddable":true,"href":"https:\/\/agora.xtec.cat\/ceipvistaalegre\/wp-json\/wp\/v2\/comments?post=4225"}],"version-history":[{"count":1,"href":"https:\/\/agora.xtec.cat\/ceipvistaalegre\/wp-json\/wp\/v2\/posts\/4225\/revisions"}],"predecessor-version":[{"id":4227,"href":"https:\/\/agora.xtec.cat\/ceipvistaalegre\/wp-json\/wp\/v2\/posts\/4225\/revisions\/4227"}],"wp:attachment":[{"href":"https:\/\/agora.xtec.cat\/ceipvistaalegre\/wp-json\/wp\/v2\/media?parent=4225"}],"wp:term":[{"taxonomy":"category","embeddable":true,"href":"https:\/\/agora.xtec.cat\/ceipvistaalegre\/wp-json\/wp\/v2\/categories?post=4225"},{"taxonomy":"post_tag","embeddable":true,"href":"https:\/\/agora.xtec.cat\/ceipvistaalegre\/wp-json\/wp\/v2\/tags?post=4225"}],"curies":[{"name":"wp","href":"https:\/\/api.w.org\/{rel}","templated":true}]}}