{"id":4217,"date":"2021-03-02T23:42:11","date_gmt":"2021-03-02T22:42:11","guid":{"rendered":"https:\/\/agora.xtec.cat\/ceipvistaalegre\/?p=4217"},"modified":"2021-03-02T23:42:11","modified_gmt":"2021-03-02T22:42:11","slug":"projecte-de-medi-la-ciutat-de-mataro","status":"publish","type":"post","link":"https:\/\/agora.xtec.cat\/ceipvistaalegre\/primaria\/5e\/projecte-de-medi-la-ciutat-de-mataro\/","title":{"rendered":"PROJECTE DE MEDI: LA CIUTAT DE MATAR\u00d3"},"content":{"rendered":"<p>Els alumnes de cinqu\u00e8 estan fent el projecte &#8220;la ciutat de Matar\u00f3, senten una gran curiositat per saber diferents aspectes de la ciutat en la qual viuen.<\/p>\n<p>El projecte es va iniciar amb una serie de preguntes de les quals ells volen esbrinar, com ara: monuments m\u00e9s coneguts, gastronomia, personatges famosos, parcs, escoles, poblaci\u00f3&#8230;<\/p>\n<p>Estan molt engrescats i motivats!!. Ells s\u00f3n els protagonistes d&#8217;aquest gran projecte!!<\/p>\n<p><img loading=\"lazy\" decoding=\"async\" class=\"alignnone  wp-image-4219\" src=\"https:\/\/agora.xtec.cat\/ceipvistaalegre\/wp-content\/uploads\/usu1936\/2021\/03\/WhatsApp-Image-2021-03-02-at-23.20.28-1-1-1024x768.jpeg\" alt=\"\" width=\"419\" height=\"314\" \/>\u00a0\u00a0<img loading=\"lazy\" decoding=\"async\" class=\"alignnone  wp-image-4221\" src=\"https:\/\/agora.xtec.cat\/ceipvistaalegre\/wp-content\/uploads\/usu1936\/2021\/03\/WhatsApp-Image-2021-03-02-at-23.20.28-4-1024x768.jpeg\" alt=\"\" width=\"418\" height=\"313\" \/>\u00a0\u00a0<img loading=\"lazy\" decoding=\"async\" class=\"alignnone  wp-image-4222\" src=\"https:\/\/agora.xtec.cat\/ceipvistaalegre\/wp-content\/uploads\/usu1936\/2021\/03\/WhatsApp-Image-2021-03-02-at-23.20.28-2-1-1024x768.jpeg\" alt=\"\" width=\"426\" height=\"320\" \/>\u00a0\u00a0<a href=\"https:\/\/agora.xtec.cat\/ceipvistaalegre\/wp-content\/uploads\/usu1936\/2021\/03\/WhatsApp-Image-2021-03-02-at-23.20.29.jpeg\"><img loading=\"lazy\" decoding=\"async\" class=\"alignnone  wp-image-4223\" src=\"https:\/\/agora.xtec.cat\/ceipvistaalegre\/wp-content\/uploads\/usu1936\/2021\/03\/WhatsApp-Image-2021-03-02-at-23.20.29-1024x768.jpeg\" alt=\"\" width=\"422\" height=\"316\" \/><\/a><\/p>\n","protected":false},"excerpt":{"rendered":"<p>Els alumnes de cinqu\u00e8 estan fent el projecte &#8220;la ciutat de Matar\u00f3, senten una gran curiositat per saber diferents aspectes de la ciutat en la qual viuen.<br \/>\nEl projecte es va iniciar amb una serie de preguntes de les quals ells volen esbrinar, com ara: monuments&hellip;  <a href=\"https:\/\/agora.xtec.cat\/ceipvistaalegre\/primaria\/5e\/projecte-de-medi-la-ciutat-de-mataro\/\" title=\"Read PROJECTE DE MEDI: LA CIUTAT DE MATAR\u00d3\">Llegeix m\u00e9s\u00bb<\/a><\/p>\n","protected":false},"author":18,"featured_media":0,"comment_status":"open","ping_status":"closed","sticky":false,"template":"","format":"standard","meta":{"_bbp_topic_count":0,"_bbp_reply_count":0,"_bbp_total_topic_count":0,"_bbp_total_reply_count":0,"_bbp_voice_count":0,"_bbp_anonymous_reply_count":0,"_bbp_topic_count_hidden":0,"_bbp_reply_count_hidden":0,"_bbp_forum_subforum_count":0,"footnotes":""},"categories":[14],"tags":[],"class_list":["post-4217","post","type-post","status-publish","format-standard","hentry","category-5e"],"post_mailing_queue_ids":[],"_links":{"self":[{"href":"https:\/\/agora.xtec.cat\/ceipvistaalegre\/wp-json\/wp\/v2\/posts\/4217","targetHints":{"allow":["GET"]}}],"collection":[{"href":"https:\/\/agora.xtec.cat\/ceipvistaalegre\/wp-json\/wp\/v2\/posts"}],"about":[{"href":"https:\/\/agora.xtec.cat\/ceipvistaalegre\/wp-json\/wp\/v2\/types\/post"}],"author":[{"embeddable":true,"href":"https:\/\/agora.xtec.cat\/ceipvistaalegre\/wp-json\/wp\/v2\/users\/18"}],"replies":[{"embeddable":true,"href":"https:\/\/agora.xtec.cat\/ceipvistaalegre\/wp-json\/wp\/v2\/comments?post=4217"}],"version-history":[{"count":1,"href":"https:\/\/agora.xtec.cat\/ceipvistaalegre\/wp-json\/wp\/v2\/posts\/4217\/revisions"}],"predecessor-version":[{"id":4224,"href":"https:\/\/agora.xtec.cat\/ceipvistaalegre\/wp-json\/wp\/v2\/posts\/4217\/revisions\/4224"}],"wp:attachment":[{"href":"https:\/\/agora.xtec.cat\/ceipvistaalegre\/wp-json\/wp\/v2\/media?parent=4217"}],"wp:term":[{"taxonomy":"category","embeddable":true,"href":"https:\/\/agora.xtec.cat\/ceipvistaalegre\/wp-json\/wp\/v2\/categories?post=4217"},{"taxonomy":"post_tag","embeddable":true,"href":"https:\/\/agora.xtec.cat\/ceipvistaalegre\/wp-json\/wp\/v2\/tags?post=4217"}],"curies":[{"name":"wp","href":"https:\/\/api.w.org\/{rel}","templated":true}]}}